{"id":1767,"date":"2018-08-29T20:09:29","date_gmt":"2018-08-29T23:09:29","guid":{"rendered":"https:\/\/wp.ufpel.edu.br\/csttt\/?p=1767"},"modified":"2018-08-29T20:11:02","modified_gmt":"2018-08-29T23:11:02","slug":"edital-para-auxilios-estudantis-ufpel","status":"publish","type":"post","link":"https:\/\/wp.ufpel.edu.br\/csttt\/2018\/08\/29\/edital-para-auxilios-estudantis-ufpel\/","title":{"rendered":"Edital para aux\u00edlios estudantis UFPel"},"content":{"rendered":"<p style=\"text-align: justify\"><span style=\"font-family: arial, helvetica, sans-serif\"><span style=\"color: #000000\">Est\u00e1 aberto o edital para obten\u00e7\u00e3o de aux\u00edlios da UFPel.\u00a0<\/span>\u00a0Seguindo as informa\u00e7\u00f5es do edital, \u00e9 necess\u00e1rio providenciar apenas a documenta\u00e7\u00e3o ali exigida, desconsiderando o preenchimento do formul\u00e1rio on line e o agendamento da entrevista.\u00a0\u00a0<\/span><\/p>\n<div style=\"text-align: justify\"><span style=\"font-family: arial, helvetica, sans-serif\">Os documentos devem ser entregues na secretaria do curso\u00a0<span style=\"color: #000000\"><b>at\u00e9 o dia 05 de Setembro\u00a0<\/b>de 2018, inclu\u00eddo entre eles o formul\u00e1rio em anexo preenchido. Todos os documentos devem ser entregues num envelope, que deve conter, na sua parte externa, apenas o nome e o n\u00famero de matr\u00edcula do aluno.\u00a0<\/span><\/span><\/div>\n<div style=\"text-align: justify\"><span style=\"font-family: arial, helvetica, sans-serif\"><span style=\"color: #000000\">A secretaria do curso ir\u00e1 somente receber os documentos e enviar \u00e0 Pelotas; para\u00a0<\/span>maiores informa\u00e7\u00f5es ou d\u00favidas, entrar em contato com a PRAE pelo fone<span style=\"color: #000000\">\u00a0(53) 32844300.<\/span><\/span><\/div>\n<div style=\"text-align: justify\"><span style=\"color: #000000\">\u00a0<\/span><\/div>\n<div><span style=\"color: #000000\">Link do edital\u00a0<\/span><span style=\"color: #000000;font-family: Gotham, Helvetica, Arial, sans-serif\"><a href=\"https:\/\/wp.ufpel.edu.br\/prae\/files\/2018\/08\/Edital-Benef%C3%ADcios-2018-2.pdf\" target=\"_blank\" rel=\"noopener\">https:\/\/wp.ufpel.edu.br\/prae\/files\/2018\/08\/Edital-Benef%C3%ADcios-2018-2.pdf<\/a><\/span><\/div>\n<div><\/div>\n<div><a href=\"https:\/\/wp.ufpel.edu.br\/csttt\/files\/2018\/08\/FORMUL\u00c1RIO-SOCIOECNOMICO-Eldorado-do-Sul.pdf\">FORMUL\u00c1RIO SOCIOECNOMICO Eldorado do Sul<\/a><\/div>\n<div><\/div>\n<div>Att,<\/div>\n<div><\/div>\n<div>A secretaria<\/div>\n","protected":false},"excerpt":{"rendered":"<p>Est\u00e1 aberto o edital para obten\u00e7\u00e3o de aux\u00edlios da UFPel.\u00a0\u00a0Seguindo as informa\u00e7\u00f5es do edital, \u00e9 necess\u00e1rio providenciar apenas a documenta\u00e7\u00e3o ali exigida, desconsiderando o preenchimento do formul\u00e1rio on line e o agendamento da entrevista.\u00a0\u00a0 Os documentos devem ser entregues na &hellip; <a href=\"https:\/\/wp.ufpel.edu.br\/csttt\/2018\/08\/29\/edital-para-auxilios-estudantis-ufpel\/\">Continue lendo <span class=\"meta-nav\">&rarr;<\/span><\/a><\/p>\n","protected":false},"author":259,"featured_media":0,"comment_status":"closed","ping_status":"closed","sticky":false,"template":"","format":"standard","meta":{"_jetpack_memberships_contains_paid_content":false,"footnotes":""},"categories":[18],"tags":[],"class_list":["post-1767","post","type-post","status-publish","format-standard","hentry","category-sem-categoria"],"jetpack_featured_media_url":"","jetpack_sharing_enabled":true,"_links":{"self":[{"href":"https:\/\/wp.ufpel.edu.br\/csttt\/wp-json\/wp\/v2\/posts\/1767","targetHints":{"allow":["GET"]}}],"collection":[{"href":"https:\/\/wp.ufpel.edu.br\/csttt\/wp-json\/wp\/v2\/posts"}],"about":[{"href":"https:\/\/wp.ufpel.edu.br\/csttt\/wp-json\/wp\/v2\/types\/post"}],"author":[{"embeddable":true,"href":"https:\/\/wp.ufpel.edu.br\/csttt\/wp-json\/wp\/v2\/users\/259"}],"replies":[{"embeddable":true,"href":"https:\/\/wp.ufpel.edu.br\/csttt\/wp-json\/wp\/v2\/comments?post=1767"}],"version-history":[{"count":3,"href":"https:\/\/wp.ufpel.edu.br\/csttt\/wp-json\/wp\/v2\/posts\/1767\/revisions"}],"predecessor-version":[{"id":1771,"href":"https:\/\/wp.ufpel.edu.br\/csttt\/wp-json\/wp\/v2\/posts\/1767\/revisions\/1771"}],"wp:attachment":[{"href":"https:\/\/wp.ufpel.edu.br\/csttt\/wp-json\/wp\/v2\/media?parent=1767"}],"wp:term":[{"taxonomy":"category","embeddable":true,"href":"https:\/\/wp.ufpel.edu.br\/csttt\/wp-json\/wp\/v2\/categories?post=1767"},{"taxonomy":"post_tag","embeddable":true,"href":"https:\/\/wp.ufpel.edu.br\/csttt\/wp-json\/wp\/v2\/tags?post=1767"}],"curies":[{"name":"wp","href":"https:\/\/api.w.org\/{rel}","templated":true}]}}