{"id":1757,"date":"2018-08-21T17:25:30","date_gmt":"2018-08-21T20:25:30","guid":{"rendered":"https:\/\/wp.ufpel.edu.br\/csttt\/?p=1757"},"modified":"2018-08-21T17:25:30","modified_gmt":"2018-08-21T20:25:30","slug":"cancelamento-aulas-de-calculo-e-estatistica-aplicada-e-topicos-avancados","status":"publish","type":"post","link":"https:\/\/wp.ufpel.edu.br\/csttt\/2018\/08\/21\/cancelamento-aulas-de-calculo-e-estatistica-aplicada-e-topicos-avancados\/","title":{"rendered":"Cancelamento aulas de C\u00e1lculo e Estat\u00edstica Aplicada e T\u00f3picos Avan\u00e7ados"},"content":{"rendered":"<p>Prezados alunos,<\/p>\n<p>O Professor F\u00e1bio informa que, por motivos de sa\u00fade, as aulas de suas duas disciplinas, T\u00f3picos Avan\u00e7ados em Transporte Terrestres, na quarta, 22\/08, e C\u00e1lculo e Estat\u00edstica Aplicada, quinta, 23\/08, est\u00e3o canceladas.<\/p>\n<p>Att,<\/p>\n<p>A secretaria<\/p>\n","protected":false},"excerpt":{"rendered":"<p>Prezados alunos, O Professor F\u00e1bio informa que, por motivos de sa\u00fade, as aulas de suas duas disciplinas, T\u00f3picos Avan\u00e7ados em Transporte Terrestres, na quarta, 22\/08, e C\u00e1lculo e Estat\u00edstica Aplicada, quinta, 23\/08, est\u00e3o canceladas. Att, A secretaria<\/p>\n","protected":false},"author":259,"featured_media":0,"comment_status":"closed","ping_status":"closed","sticky":false,"template":"","format":"standard","meta":{"_jetpack_memberships_contains_paid_content":false,"footnotes":""},"categories":[18],"tags":[],"class_list":["post-1757","post","type-post","status-publish","format-standard","hentry","category-sem-categoria"],"jetpack_featured_media_url":"","jetpack_sharing_enabled":true,"_links":{"self":[{"href":"https:\/\/wp.ufpel.edu.br\/csttt\/wp-json\/wp\/v2\/posts\/1757","targetHints":{"allow":["GET"]}}],"collection":[{"href":"https:\/\/wp.ufpel.edu.br\/csttt\/wp-json\/wp\/v2\/posts"}],"about":[{"href":"https:\/\/wp.ufpel.edu.br\/csttt\/wp-json\/wp\/v2\/types\/post"}],"author":[{"embeddable":true,"href":"https:\/\/wp.ufpel.edu.br\/csttt\/wp-json\/wp\/v2\/users\/259"}],"replies":[{"embeddable":true,"href":"https:\/\/wp.ufpel.edu.br\/csttt\/wp-json\/wp\/v2\/comments?post=1757"}],"version-history":[{"count":1,"href":"https:\/\/wp.ufpel.edu.br\/csttt\/wp-json\/wp\/v2\/posts\/1757\/revisions"}],"predecessor-version":[{"id":1758,"href":"https:\/\/wp.ufpel.edu.br\/csttt\/wp-json\/wp\/v2\/posts\/1757\/revisions\/1758"}],"wp:attachment":[{"href":"https:\/\/wp.ufpel.edu.br\/csttt\/wp-json\/wp\/v2\/media?parent=1757"}],"wp:term":[{"taxonomy":"category","embeddable":true,"href":"https:\/\/wp.ufpel.edu.br\/csttt\/wp-json\/wp\/v2\/categories?post=1757"},{"taxonomy":"post_tag","embeddable":true,"href":"https:\/\/wp.ufpel.edu.br\/csttt\/wp-json\/wp\/v2\/tags?post=1757"}],"curies":[{"name":"wp","href":"https:\/\/api.w.org\/{rel}","templated":true}]}}