{"id":1747,"date":"2018-08-03T16:38:22","date_gmt":"2018-08-03T19:38:22","guid":{"rendered":"https:\/\/wp.ufpel.edu.br\/csttt\/?p=1747"},"modified":"2018-08-03T16:39:17","modified_gmt":"2018-08-03T19:39:17","slug":"siiepe-abre-inscricoes-de-15-a-31-8","status":"publish","type":"post","link":"https:\/\/wp.ufpel.edu.br\/csttt\/2018\/08\/03\/siiepe-abre-inscricoes-de-15-a-31-8\/","title":{"rendered":"Siiepe abre inscri\u00e7\u00f5es de 15 a 31\/8"},"content":{"rendered":"<div style=\"text-align: justify\">\u00a0 \u00a0 \u00a0 \u00a0A quarta edi\u00e7\u00e3o da Siiepe (Semana Integrada de Inova\u00e7\u00e3o, Ensino, Pesquisa e Extens\u00e3o) da UFPel, que se realizar\u00e1 de 22 a 26 de outubro, abrir\u00e1 inscri\u00e7\u00f5es de 15 a 31 de agosto. Ser\u00e3o cinco grandes eventos ocorrendo simultaneamente, no Anglo e no Campus 2, que ser\u00e3o o II Congresso de Inova\u00e7\u00e3o Tecnol\u00f3gica (CIT), o IV Congresso de Ensino de Gradua\u00e7\u00e3o (CEG), o V Congresso de Extens\u00e3o e Cultura (CEC), o XX Encontro de P\u00f3s-Gradua\u00e7\u00e3o (Enpos) e o XXVII Congresso de Inicia\u00e7\u00e3o Cient\u00edfica (CIC).<\/div>\n<div>\n<p style=\"text-align: justify\">\u00a0 \u00a0 \u00a0 \u00a0A novidade neste ano ser\u00e1 a realiza\u00e7\u00e3o da atividade Sua Tese em Tr\u00eas Minutos (3MT), a ser desenvolvida em um turno da Semana, em data ainda a ser definida. No evento, doutorandos dos 27 programas que t\u00eam este n\u00edvel na UFPel ter\u00e3o tr\u00eas minutos para, numa linguagem coloquial e n\u00e3o cient\u00edfica, explicar para o p\u00fablico a import\u00e2ncia da sua tese.<\/p>\n<p style=\"text-align: justify\">\u00a0 \u00a0 \u00a0 \u00a0Uma comiss\u00e3o da sociedade em geral, n\u00e3o vinculada \u00e0 Universidade, escolher\u00e1 a melhor apresenta\u00e7\u00e3o, que ser\u00e1 premiada. Cada programa de p\u00f3s-gradua\u00e7\u00e3o poder\u00e1 enviar apenas um doutorando para a atividade, que ser\u00e1 escolhido em processo que ocorrer\u00e1 dentro dos PPGs. A inscri\u00e7\u00e3o para esta atividade ocorrer\u00e1 em per\u00edodo ainda a ser definido. Saiba mais sobre o 3MT em\u00a0<a href=\"https:\/\/wp.ufpel.edu.br\/enpos\/\" target=\"_blank\" rel=\"noopener\">https:\/\/wp.ufpel.edu.br\/enpos\/<\/a>\u00a0.<\/p>\n<p>Todas as informa\u00e7\u00f5es sobre a Siiepe, inscri\u00e7\u00f5es e isen\u00e7\u00e3o de inscri\u00e7\u00f5es est\u00e3o dispon\u00edveis no site do evento, que \u00e9 o\u00a0<a href=\"https:\/\/wp.ufpel.edu.br\/siiepe\/\" target=\"_blank\" rel=\"noopener\">https:\/\/wp.ufpel.edu.br\/siiepe\/<\/a>\u00a0.<\/p>\n<p>O Regulamento Geral da Semana, com informa\u00e7\u00f5es como os procedimentos para isen\u00e7\u00e3o da taxa de inscri\u00e7\u00e3o, est\u00e1 dispon\u00edvel em\u00a0<a href=\"https:\/\/wp.ufpel.edu.br\/congressoextensao\/\" target=\"_blank\" rel=\"noopener\">https:\/\/wp.ufpel.edu.br\/congressoextensao\/<\/a><\/p>\n<\/div>\n<p>&nbsp;<\/p>\n<blockquote class=\"wp-embedded-content\" data-secret=\"mGnWxa6VrL\"><p><a href=\"https:\/\/ccs2.ufpel.edu.br\/wp\/2018\/08\/02\/siiepe-abre-inscricoes-de-15-a-31-8\/\">Siiepe abre inscri\u00e7\u00f5es de 15 a 31\/8<\/a><\/p><\/blockquote>\n<p><iframe loading=\"lazy\" class=\"wp-embedded-content\" sandbox=\"allow-scripts\" security=\"restricted\" style=\"position: absolute; clip: rect(1px, 1px, 1px, 1px);\" title=\"&#8220;Siiepe abre inscri\u00e7\u00f5es de 15 a 31\/8&#8221; &#8212; Coordena\u00e7\u00e3o de Comunica\u00e7\u00e3o Social\" src=\"https:\/\/ccs2.ufpel.edu.br\/wp\/2018\/08\/02\/siiepe-abre-inscricoes-de-15-a-31-8\/embed\/#?secret=6LqFi6Is9d#?secret=mGnWxa6VrL\" data-secret=\"mGnWxa6VrL\" width=\"584\" height=\"329\" frameborder=\"0\" marginwidth=\"0\" marginheight=\"0\" scrolling=\"no\"><\/iframe><\/p>\n<p>&nbsp;<\/p>\n<div>\n<p>Att,<\/p>\n<\/div>\n<p>A Secretaria<\/p>\n","protected":false},"excerpt":{"rendered":"<p>\u00a0 \u00a0 \u00a0 \u00a0A quarta edi\u00e7\u00e3o da Siiepe (Semana Integrada de Inova\u00e7\u00e3o, Ensino, Pesquisa e Extens\u00e3o) da UFPel, que se realizar\u00e1 de 22 a 26 de outubro, abrir\u00e1 inscri\u00e7\u00f5es de 15 a 31 de agosto. Ser\u00e3o cinco grandes eventos ocorrendo &hellip; <a href=\"https:\/\/wp.ufpel.edu.br\/csttt\/2018\/08\/03\/siiepe-abre-inscricoes-de-15-a-31-8\/\">Continue lendo <span class=\"meta-nav\">&rarr;<\/span><\/a><\/p>\n","protected":false},"author":259,"featured_media":0,"comment_status":"closed","ping_status":"closed","sticky":false,"template":"","format":"standard","meta":{"_jetpack_memberships_contains_paid_content":false,"footnotes":""},"categories":[18],"tags":[],"class_list":["post-1747","post","type-post","status-publish","format-standard","hentry","category-sem-categoria"],"jetpack_featured_media_url":"","jetpack_sharing_enabled":true,"_links":{"self":[{"href":"https:\/\/wp.ufpel.edu.br\/csttt\/wp-json\/wp\/v2\/posts\/1747","targetHints":{"allow":["GET"]}}],"collection":[{"href":"https:\/\/wp.ufpel.edu.br\/csttt\/wp-json\/wp\/v2\/posts"}],"about":[{"href":"https:\/\/wp.ufpel.edu.br\/csttt\/wp-json\/wp\/v2\/types\/post"}],"author":[{"embeddable":true,"href":"https:\/\/wp.ufpel.edu.br\/csttt\/wp-json\/wp\/v2\/users\/259"}],"replies":[{"embeddable":true,"href":"https:\/\/wp.ufpel.edu.br\/csttt\/wp-json\/wp\/v2\/comments?post=1747"}],"version-history":[{"count":2,"href":"https:\/\/wp.ufpel.edu.br\/csttt\/wp-json\/wp\/v2\/posts\/1747\/revisions"}],"predecessor-version":[{"id":1749,"href":"https:\/\/wp.ufpel.edu.br\/csttt\/wp-json\/wp\/v2\/posts\/1747\/revisions\/1749"}],"wp:attachment":[{"href":"https:\/\/wp.ufpel.edu.br\/csttt\/wp-json\/wp\/v2\/media?parent=1747"}],"wp:term":[{"taxonomy":"category","embeddable":true,"href":"https:\/\/wp.ufpel.edu.br\/csttt\/wp-json\/wp\/v2\/categories?post=1747"},{"taxonomy":"post_tag","embeddable":true,"href":"https:\/\/wp.ufpel.edu.br\/csttt\/wp-json\/wp\/v2\/tags?post=1747"}],"curies":[{"name":"wp","href":"https:\/\/api.w.org\/{rel}","templated":true}]}}