{"id":1742,"date":"2018-08-01T16:32:46","date_gmt":"2018-08-01T19:32:46","guid":{"rendered":"https:\/\/wp.ufpel.edu.br\/csttt\/?p=1742"},"modified":"2018-08-01T16:58:51","modified_gmt":"2018-08-01T19:58:51","slug":"matriculas-2018-2","status":"publish","type":"post","link":"https:\/\/wp.ufpel.edu.br\/csttt\/2018\/08\/01\/matriculas-2018-2\/","title":{"rendered":"Matr\u00edculas 2018\/2"},"content":{"rendered":"<p style=\"text-align: justify\">Prezados alunos,<\/p>\n<p style=\"text-align: justify\">Lembramos que, mesmo para os ingressantes nesse ano, as matr\u00edculas para o pr\u00f3ximo semestre dever\u00e3o ser feitas on-line, pelo Cobalto.<br \/>\nPara o semestre 2018\/2, o per\u00edodo para solicita\u00e7\u00e3o de matr\u00edcula vai de 10 a 13 de agosto.<\/p>\n<p style=\"text-align: justify\">Atentem tamb\u00e9m para as datas do calend\u00e1rio acad\u00eamico, l\u00e1 est\u00e3o todas as datas importantes do ano letivo. O calend\u00e1rio acad\u00eamico pode ser acessado pelo link <a href=\"http:\/\/portal.ufpel.edu.br\/wp-content\/uploads\/Calendario-Academico-2018_v06-15JUN2018-2.pdf\">http:\/\/portal.ufpel.edu.br\/wp-content\/uploads\/Calendario-Academico-2018_v06-15JUN2018-2.pdf<\/a><\/p>\n<p>Att,<\/p>\n<p>A Secretaria<\/p>\n","protected":false},"excerpt":{"rendered":"<p>Prezados alunos, Lembramos que, mesmo para os ingressantes nesse ano, as matr\u00edculas para o pr\u00f3ximo semestre dever\u00e3o ser feitas on-line, pelo Cobalto. Para o semestre 2018\/2, o per\u00edodo para solicita\u00e7\u00e3o de matr\u00edcula vai de 10 a 13 de agosto. Atentem &hellip; <a href=\"https:\/\/wp.ufpel.edu.br\/csttt\/2018\/08\/01\/matriculas-2018-2\/\">Continue lendo <span class=\"meta-nav\">&rarr;<\/span><\/a><\/p>\n","protected":false},"author":259,"featured_media":0,"comment_status":"closed","ping_status":"closed","sticky":false,"template":"","format":"standard","meta":{"_jetpack_memberships_contains_paid_content":false,"footnotes":""},"categories":[18],"tags":[],"class_list":["post-1742","post","type-post","status-publish","format-standard","hentry","category-sem-categoria"],"jetpack_featured_media_url":"","jetpack_sharing_enabled":true,"_links":{"self":[{"href":"https:\/\/wp.ufpel.edu.br\/csttt\/wp-json\/wp\/v2\/posts\/1742","targetHints":{"allow":["GET"]}}],"collection":[{"href":"https:\/\/wp.ufpel.edu.br\/csttt\/wp-json\/wp\/v2\/posts"}],"about":[{"href":"https:\/\/wp.ufpel.edu.br\/csttt\/wp-json\/wp\/v2\/types\/post"}],"author":[{"embeddable":true,"href":"https:\/\/wp.ufpel.edu.br\/csttt\/wp-json\/wp\/v2\/users\/259"}],"replies":[{"embeddable":true,"href":"https:\/\/wp.ufpel.edu.br\/csttt\/wp-json\/wp\/v2\/comments?post=1742"}],"version-history":[{"count":4,"href":"https:\/\/wp.ufpel.edu.br\/csttt\/wp-json\/wp\/v2\/posts\/1742\/revisions"}],"predecessor-version":[{"id":1746,"href":"https:\/\/wp.ufpel.edu.br\/csttt\/wp-json\/wp\/v2\/posts\/1742\/revisions\/1746"}],"wp:attachment":[{"href":"https:\/\/wp.ufpel.edu.br\/csttt\/wp-json\/wp\/v2\/media?parent=1742"}],"wp:term":[{"taxonomy":"category","embeddable":true,"href":"https:\/\/wp.ufpel.edu.br\/csttt\/wp-json\/wp\/v2\/categories?post=1742"},{"taxonomy":"post_tag","embeddable":true,"href":"https:\/\/wp.ufpel.edu.br\/csttt\/wp-json\/wp\/v2\/tags?post=1742"}],"curies":[{"name":"wp","href":"https:\/\/api.w.org\/{rel}","templated":true}]}}