{"id":1729,"date":"2018-07-24T20:43:10","date_gmt":"2018-07-24T23:43:10","guid":{"rendered":"https:\/\/wp.ufpel.edu.br\/csttt\/?p=1729"},"modified":"2018-07-24T20:43:34","modified_gmt":"2018-07-24T23:43:34","slug":"1729","status":"publish","type":"post","link":"https:\/\/wp.ufpel.edu.br\/csttt\/2018\/07\/24\/1729\/","title":{"rendered":"Calend\u00e1rio Acad\u00eamico diferenciado para 2019"},"content":{"rendered":"<div style=\"text-align: justify\"><span style=\"font-family: arial, helvetica, sans-serif\">Conforme proposta da coordena\u00e7\u00e3o do curso,\u00a0<span class=\"m_-6113656166910748099gmail-infraArvoreNoVisitado\" title=\"Gradua\u00e7\u00e3o: Calend\u00e1rio Acad\u00eamico\">foi aceita, pelo COCEPE (Conselho Coordenador do Ensino da Pesquisa e da Extens\u00e3o), a cria\u00e7\u00e3o de um calend\u00e1rio acad\u00eamico\u00a0<\/span>diferenciado para o CSTTT, tendo em vista a quest\u00e3o de diferen\u00e7as nos feriados municipais e nos programados pelo calend\u00e1rio acad\u00eamico da universidade. Posteriormente, novas informa\u00e7\u00f5es ser\u00e3o divulgadas.<\/span><\/div>\n<div><span style=\"font-family: arial, helvetica, sans-serif\">\u00a0<\/span><\/div>\n<div><span style=\"font-family: arial, helvetica, sans-serif\">Att,<\/span><\/div>\n<div><span style=\"font-family: arial, helvetica, sans-serif\">\u00a0<\/span><\/div>\n<div>A secretaria<\/div>\n","protected":false},"excerpt":{"rendered":"<p>Conforme proposta da coordena\u00e7\u00e3o do curso,\u00a0foi aceita, pelo COCEPE (Conselho Coordenador do Ensino da Pesquisa e da Extens\u00e3o), a cria\u00e7\u00e3o de um calend\u00e1rio acad\u00eamico\u00a0diferenciado para o CSTTT, tendo em vista a quest\u00e3o de diferen\u00e7as nos feriados municipais e nos programados &hellip; <a href=\"https:\/\/wp.ufpel.edu.br\/csttt\/2018\/07\/24\/1729\/\">Continue lendo <span class=\"meta-nav\">&rarr;<\/span><\/a><\/p>\n","protected":false},"author":259,"featured_media":0,"comment_status":"closed","ping_status":"closed","sticky":false,"template":"","format":"standard","meta":{"_jetpack_memberships_contains_paid_content":false,"footnotes":""},"categories":[18],"tags":[],"class_list":["post-1729","post","type-post","status-publish","format-standard","hentry","category-sem-categoria"],"jetpack_featured_media_url":"","jetpack_sharing_enabled":true,"_links":{"self":[{"href":"https:\/\/wp.ufpel.edu.br\/csttt\/wp-json\/wp\/v2\/posts\/1729","targetHints":{"allow":["GET"]}}],"collection":[{"href":"https:\/\/wp.ufpel.edu.br\/csttt\/wp-json\/wp\/v2\/posts"}],"about":[{"href":"https:\/\/wp.ufpel.edu.br\/csttt\/wp-json\/wp\/v2\/types\/post"}],"author":[{"embeddable":true,"href":"https:\/\/wp.ufpel.edu.br\/csttt\/wp-json\/wp\/v2\/users\/259"}],"replies":[{"embeddable":true,"href":"https:\/\/wp.ufpel.edu.br\/csttt\/wp-json\/wp\/v2\/comments?post=1729"}],"version-history":[{"count":2,"href":"https:\/\/wp.ufpel.edu.br\/csttt\/wp-json\/wp\/v2\/posts\/1729\/revisions"}],"predecessor-version":[{"id":1731,"href":"https:\/\/wp.ufpel.edu.br\/csttt\/wp-json\/wp\/v2\/posts\/1729\/revisions\/1731"}],"wp:attachment":[{"href":"https:\/\/wp.ufpel.edu.br\/csttt\/wp-json\/wp\/v2\/media?parent=1729"}],"wp:term":[{"taxonomy":"category","embeddable":true,"href":"https:\/\/wp.ufpel.edu.br\/csttt\/wp-json\/wp\/v2\/categories?post=1729"},{"taxonomy":"post_tag","embeddable":true,"href":"https:\/\/wp.ufpel.edu.br\/csttt\/wp-json\/wp\/v2\/tags?post=1729"}],"curies":[{"name":"wp","href":"https:\/\/api.w.org\/{rel}","templated":true}]}}