{"id":1726,"date":"2018-07-23T18:08:37","date_gmt":"2018-07-23T21:08:37","guid":{"rendered":"https:\/\/wp.ufpel.edu.br\/csttt\/?p=1726"},"modified":"2018-07-23T18:08:37","modified_gmt":"2018-07-23T21:08:37","slug":"cancelamento-das-aulas-na-escola-david-riegel-neto","status":"publish","type":"post","link":"https:\/\/wp.ufpel.edu.br\/csttt\/2018\/07\/23\/cancelamento-das-aulas-na-escola-david-riegel-neto\/","title":{"rendered":"Cancelamento das aulas na escola David Riegel Neto"},"content":{"rendered":"<p style=\"text-align: justify\">O evento que seria realizado na sede do CSTTT, Escola C\u00f4nego Eug\u00eanio Mees, nos dias 3 e 4 de agosto foi cancelado. Dessa forma, n\u00e3o haver\u00e1 necessidade de utilizarmos o espa\u00e7o da Escola David Riegel Neto. Portanto, seguem normais as atividades no pr\u00e9dio do CSTTT nos dias citados.<\/p>\n<p>&nbsp;<\/p>\n<p>Att,<\/p>\n<p>A secretaria<\/p>\n","protected":false},"excerpt":{"rendered":"<p>O evento que seria realizado na sede do CSTTT, Escola C\u00f4nego Eug\u00eanio Mees, nos dias 3 e 4 de agosto foi cancelado. Dessa forma, n\u00e3o haver\u00e1 necessidade de utilizarmos o espa\u00e7o da Escola David Riegel Neto. Portanto, seguem normais as &hellip; <a href=\"https:\/\/wp.ufpel.edu.br\/csttt\/2018\/07\/23\/cancelamento-das-aulas-na-escola-david-riegel-neto\/\">Continue lendo <span class=\"meta-nav\">&rarr;<\/span><\/a><\/p>\n","protected":false},"author":259,"featured_media":0,"comment_status":"closed","ping_status":"closed","sticky":false,"template":"","format":"standard","meta":{"_jetpack_memberships_contains_paid_content":false,"footnotes":""},"categories":[18],"tags":[],"class_list":["post-1726","post","type-post","status-publish","format-standard","hentry","category-sem-categoria"],"jetpack_featured_media_url":"","jetpack_sharing_enabled":true,"_links":{"self":[{"href":"https:\/\/wp.ufpel.edu.br\/csttt\/wp-json\/wp\/v2\/posts\/1726","targetHints":{"allow":["GET"]}}],"collection":[{"href":"https:\/\/wp.ufpel.edu.br\/csttt\/wp-json\/wp\/v2\/posts"}],"about":[{"href":"https:\/\/wp.ufpel.edu.br\/csttt\/wp-json\/wp\/v2\/types\/post"}],"author":[{"embeddable":true,"href":"https:\/\/wp.ufpel.edu.br\/csttt\/wp-json\/wp\/v2\/users\/259"}],"replies":[{"embeddable":true,"href":"https:\/\/wp.ufpel.edu.br\/csttt\/wp-json\/wp\/v2\/comments?post=1726"}],"version-history":[{"count":1,"href":"https:\/\/wp.ufpel.edu.br\/csttt\/wp-json\/wp\/v2\/posts\/1726\/revisions"}],"predecessor-version":[{"id":1727,"href":"https:\/\/wp.ufpel.edu.br\/csttt\/wp-json\/wp\/v2\/posts\/1726\/revisions\/1727"}],"wp:attachment":[{"href":"https:\/\/wp.ufpel.edu.br\/csttt\/wp-json\/wp\/v2\/media?parent=1726"}],"wp:term":[{"taxonomy":"category","embeddable":true,"href":"https:\/\/wp.ufpel.edu.br\/csttt\/wp-json\/wp\/v2\/categories?post=1726"},{"taxonomy":"post_tag","embeddable":true,"href":"https:\/\/wp.ufpel.edu.br\/csttt\/wp-json\/wp\/v2\/tags?post=1726"}],"curies":[{"name":"wp","href":"https:\/\/api.w.org\/{rel}","templated":true}]}}