{"id":1702,"date":"2018-07-18T17:05:48","date_gmt":"2018-07-18T20:05:48","guid":{"rendered":"https:\/\/wp.ufpel.edu.br\/csttt\/?p=1702"},"modified":"2018-07-18T17:06:06","modified_gmt":"2018-07-18T20:06:06","slug":"utilizacao-da-escola-david-riegel-neto-dias-3-e-4-de-agosto","status":"publish","type":"post","link":"https:\/\/wp.ufpel.edu.br\/csttt\/2018\/07\/18\/utilizacao-da-escola-david-riegel-neto-dias-3-e-4-de-agosto\/","title":{"rendered":"Utiliza\u00e7\u00e3o da Escola David Riegel Neto &#8211; dias 3 e 4 de agosto"},"content":{"rendered":"<p>Prezados,<\/p>\n<p>Nos dias 3 e 4 de agosto, o CSTTT n\u00e3o ter\u00e1 acesso ao pr\u00e9dio da Escola C\u00f4nego Eug\u00eanio Mees. Nesses dias, utilizaremos o espa\u00e7o da Escola David Riegel Neto.<\/p>\n<p>As aulas, no dia 03\/08, sexta-feira, iniciam \u00e0s 19:15. Dia 04\/08, s\u00e1bado, se houver aula, o pr\u00e9dio ficar\u00e1 dispon\u00edvel das 08h \u00e0s 12h.<\/p>\n<p>Abaixo o endere\u00e7o a escola:<\/p>\n<p>Av. Emancipa\u00e7\u00e3o, 664 &#8211; Centro, Eldorado do Sul<\/p>\n<p>&nbsp;<\/p>\n<p>Att,<\/p>\n<p>A secretaria<\/p>\n","protected":false},"excerpt":{"rendered":"<p>Prezados, Nos dias 3 e 4 de agosto, o CSTTT n\u00e3o ter\u00e1 acesso ao pr\u00e9dio da Escola C\u00f4nego Eug\u00eanio Mees. Nesses dias, utilizaremos o espa\u00e7o da Escola David Riegel Neto. As aulas, no dia 03\/08, sexta-feira, iniciam \u00e0s 19:15. Dia &hellip; <a href=\"https:\/\/wp.ufpel.edu.br\/csttt\/2018\/07\/18\/utilizacao-da-escola-david-riegel-neto-dias-3-e-4-de-agosto\/\">Continue lendo <span class=\"meta-nav\">&rarr;<\/span><\/a><\/p>\n","protected":false},"author":259,"featured_media":0,"comment_status":"closed","ping_status":"closed","sticky":false,"template":"","format":"standard","meta":{"_jetpack_memberships_contains_paid_content":false,"footnotes":""},"categories":[18],"tags":[],"class_list":["post-1702","post","type-post","status-publish","format-standard","hentry","category-sem-categoria"],"jetpack_featured_media_url":"","jetpack_sharing_enabled":true,"_links":{"self":[{"href":"https:\/\/wp.ufpel.edu.br\/csttt\/wp-json\/wp\/v2\/posts\/1702","targetHints":{"allow":["GET"]}}],"collection":[{"href":"https:\/\/wp.ufpel.edu.br\/csttt\/wp-json\/wp\/v2\/posts"}],"about":[{"href":"https:\/\/wp.ufpel.edu.br\/csttt\/wp-json\/wp\/v2\/types\/post"}],"author":[{"embeddable":true,"href":"https:\/\/wp.ufpel.edu.br\/csttt\/wp-json\/wp\/v2\/users\/259"}],"replies":[{"embeddable":true,"href":"https:\/\/wp.ufpel.edu.br\/csttt\/wp-json\/wp\/v2\/comments?post=1702"}],"version-history":[{"count":2,"href":"https:\/\/wp.ufpel.edu.br\/csttt\/wp-json\/wp\/v2\/posts\/1702\/revisions"}],"predecessor-version":[{"id":1704,"href":"https:\/\/wp.ufpel.edu.br\/csttt\/wp-json\/wp\/v2\/posts\/1702\/revisions\/1704"}],"wp:attachment":[{"href":"https:\/\/wp.ufpel.edu.br\/csttt\/wp-json\/wp\/v2\/media?parent=1702"}],"wp:term":[{"taxonomy":"category","embeddable":true,"href":"https:\/\/wp.ufpel.edu.br\/csttt\/wp-json\/wp\/v2\/categories?post=1702"},{"taxonomy":"post_tag","embeddable":true,"href":"https:\/\/wp.ufpel.edu.br\/csttt\/wp-json\/wp\/v2\/tags?post=1702"}],"curies":[{"name":"wp","href":"https:\/\/api.w.org\/{rel}","templated":true}]}}