{"id":1697,"date":"2018-06-20T17:32:19","date_gmt":"2018-06-20T20:32:19","guid":{"rendered":"https:\/\/wp.ufpel.edu.br\/csttt\/?p=1697"},"modified":"2018-06-20T17:36:33","modified_gmt":"2018-06-20T20:36:33","slug":"alteracoes-no-calendario-academico-2018","status":"publish","type":"post","link":"https:\/\/wp.ufpel.edu.br\/csttt\/2018\/06\/20\/alteracoes-no-calendario-academico-2018\/","title":{"rendered":"Altera\u00e7\u00f5es no calend\u00e1rio acad\u00eamico 2018"},"content":{"rendered":"<p>http:\/\/ccs2.ufpel.edu.br\/wp\/2018\/06\/18\/calendario-academico-tem-alteracoes-2\/<\/p>\n<p><a href=\"http:\/\/ccs2.ufpel.edu.br\/wp\/wp-content\/uploads\/2018\/06\/Calendario-Academico-2018_v06-15JUN2018-1.pdf\">http:\/\/ccs2.ufpel.edu.br\/wp\/wp-content\/uploads\/2018\/06\/Calendario-Academico-2018_v06-15JUN2018-1.pdf<\/a><\/p>\n<p>&nbsp;<\/p>\n<p>&nbsp;<\/p>\n<p>Att,<\/p>\n<p>A secretaria<\/p>\n","protected":false},"excerpt":{"rendered":"<p>http:\/\/ccs2.ufpel.edu.br\/wp\/2018\/06\/18\/calendario-academico-tem-alteracoes-2\/ http:\/\/ccs2.ufpel.edu.br\/wp\/wp-content\/uploads\/2018\/06\/Calendario-Academico-2018_v06-15JUN2018-1.pdf &nbsp; &nbsp; Att, A secretaria<\/p>\n","protected":false},"author":259,"featured_media":0,"comment_status":"closed","ping_status":"closed","sticky":false,"template":"","format":"standard","meta":{"_jetpack_memberships_contains_paid_content":false,"footnotes":""},"categories":[18],"tags":[],"class_list":["post-1697","post","type-post","status-publish","format-standard","hentry","category-sem-categoria"],"jetpack_featured_media_url":"","jetpack_sharing_enabled":true,"_links":{"self":[{"href":"https:\/\/wp.ufpel.edu.br\/csttt\/wp-json\/wp\/v2\/posts\/1697","targetHints":{"allow":["GET"]}}],"collection":[{"href":"https:\/\/wp.ufpel.edu.br\/csttt\/wp-json\/wp\/v2\/posts"}],"about":[{"href":"https:\/\/wp.ufpel.edu.br\/csttt\/wp-json\/wp\/v2\/types\/post"}],"author":[{"embeddable":true,"href":"https:\/\/wp.ufpel.edu.br\/csttt\/wp-json\/wp\/v2\/users\/259"}],"replies":[{"embeddable":true,"href":"https:\/\/wp.ufpel.edu.br\/csttt\/wp-json\/wp\/v2\/comments?post=1697"}],"version-history":[{"count":3,"href":"https:\/\/wp.ufpel.edu.br\/csttt\/wp-json\/wp\/v2\/posts\/1697\/revisions"}],"predecessor-version":[{"id":1700,"href":"https:\/\/wp.ufpel.edu.br\/csttt\/wp-json\/wp\/v2\/posts\/1697\/revisions\/1700"}],"wp:attachment":[{"href":"https:\/\/wp.ufpel.edu.br\/csttt\/wp-json\/wp\/v2\/media?parent=1697"}],"wp:term":[{"taxonomy":"category","embeddable":true,"href":"https:\/\/wp.ufpel.edu.br\/csttt\/wp-json\/wp\/v2\/categories?post=1697"},{"taxonomy":"post_tag","embeddable":true,"href":"https:\/\/wp.ufpel.edu.br\/csttt\/wp-json\/wp\/v2\/tags?post=1697"}],"curies":[{"name":"wp","href":"https:\/\/api.w.org\/{rel}","templated":true}]}}