{"id":1684,"date":"2018-05-28T17:44:21","date_gmt":"2018-05-28T20:44:21","guid":{"rendered":"https:\/\/wp.ufpel.edu.br\/csttt\/?p=1684"},"modified":"2018-05-28T17:46:01","modified_gmt":"2018-05-28T20:46:01","slug":"atividades-academicas-permanecem-suspensas-nesta-terca-29","status":"publish","type":"post","link":"https:\/\/wp.ufpel.edu.br\/csttt\/2018\/05\/28\/atividades-academicas-permanecem-suspensas-nesta-terca-29\/","title":{"rendered":"Atividades acad\u00eamicas permanecem suspensas nesta ter\u00e7a (29)"},"content":{"rendered":"<p class=\"m_5428288921604619822m_8234369687945570983gmail-western\">Diante da crise nos servi\u00e7os de transporte e a dificuldade de pleno desenvolvimento das atividades da Universidade Federal de Pelotas, a Reitoria comunica, que, na ter\u00e7a-feira, dia 29 de maio:<\/p>\n<p class=\"m_5428288921604619822m_8234369687945570983gmail-western\">a) todas as atividades acad\u00eamicas est\u00e3o suspensas;<\/p>\n<p class=\"m_5428288921604619822m_8234369687945570983gmail-western\">b) em rela\u00e7\u00e3o \u00e0s atividades administrativas, est\u00e3o desde logo justificadas as aus\u00eancias daqueles servidores que, dadas as dificuldades de deslocamento, n\u00e3o puderem comparecer ao trabalho;<\/p>\n<p class=\"m_5428288921604619822m_8234369687945570983gmail-western\">c) o Restaurante Universit\u00e1rio do Cap\u00e3o do Le\u00e3o n\u00e3o abrir\u00e1;<\/p>\n<p class=\"m_5428288921604619822m_8234369687945570983gmail-western\">d) o Restaurante Universit\u00e1rio da Telles atender\u00e1 somente aos bolsistas;<\/p>\n<p class=\"m_5428288921604619822m_8234369687945570983gmail-western\">e) o Restaurante Universit\u00e1rio da Santa Cruz funcionar\u00e1 normalmente para o almo\u00e7o e quanto ao jantar a defini\u00e7\u00e3o sair\u00e1 nesta ter\u00e7a.<\/p>\n<p class=\"m_5428288921604619822m_8234369687945570983gmail-western\">Na ter\u00e7a-feira \u00e0 tarde, a Reitoria vai se reunir para avaliar a situa\u00e7\u00e3o do momento e emitir comunicado com novas orienta\u00e7\u00f5es.<\/p>\n<p>&nbsp;<\/p>\n<blockquote class=\"wp-embedded-content\" data-secret=\"jECKJIchEd\"><p><a href=\"https:\/\/ccs2.ufpel.edu.br\/wp\/2018\/05\/28\/atividades-academicas-permanecem-suspensas-nesta-terca-29\/\">Atividades acad\u00eamicas permanecem suspensas nesta ter\u00e7a (29)<\/a><\/p><\/blockquote>\n<p><iframe loading=\"lazy\" class=\"wp-embedded-content\" sandbox=\"allow-scripts\" security=\"restricted\" style=\"position: absolute; clip: rect(1px, 1px, 1px, 1px);\" title=\"&#8220;Atividades acad\u00eamicas permanecem suspensas nesta ter\u00e7a (29)&#8221; &#8212; Coordena\u00e7\u00e3o de Comunica\u00e7\u00e3o Social\" src=\"https:\/\/ccs2.ufpel.edu.br\/wp\/2018\/05\/28\/atividades-academicas-permanecem-suspensas-nesta-terca-29\/embed\/#?secret=9wPzv6lc5T#?secret=jECKJIchEd\" data-secret=\"jECKJIchEd\" width=\"584\" height=\"329\" frameborder=\"0\" marginwidth=\"0\" marginheight=\"0\" scrolling=\"no\"><\/iframe><\/p>\n","protected":false},"excerpt":{"rendered":"<p>Diante da crise nos servi\u00e7os de transporte e a dificuldade de pleno desenvolvimento das atividades da Universidade Federal de Pelotas, a Reitoria comunica, que, na ter\u00e7a-feira, dia 29 de maio: a) todas as atividades acad\u00eamicas est\u00e3o suspensas; b) em rela\u00e7\u00e3o &hellip; <a href=\"https:\/\/wp.ufpel.edu.br\/csttt\/2018\/05\/28\/atividades-academicas-permanecem-suspensas-nesta-terca-29\/\">Continue lendo <span class=\"meta-nav\">&rarr;<\/span><\/a><\/p>\n","protected":false},"author":259,"featured_media":0,"comment_status":"closed","ping_status":"closed","sticky":false,"template":"","format":"standard","meta":{"_jetpack_memberships_contains_paid_content":false,"footnotes":""},"categories":[18],"tags":[],"class_list":["post-1684","post","type-post","status-publish","format-standard","hentry","category-sem-categoria"],"jetpack_featured_media_url":"","jetpack_sharing_enabled":true,"_links":{"self":[{"href":"https:\/\/wp.ufpel.edu.br\/csttt\/wp-json\/wp\/v2\/posts\/1684","targetHints":{"allow":["GET"]}}],"collection":[{"href":"https:\/\/wp.ufpel.edu.br\/csttt\/wp-json\/wp\/v2\/posts"}],"about":[{"href":"https:\/\/wp.ufpel.edu.br\/csttt\/wp-json\/wp\/v2\/types\/post"}],"author":[{"embeddable":true,"href":"https:\/\/wp.ufpel.edu.br\/csttt\/wp-json\/wp\/v2\/users\/259"}],"replies":[{"embeddable":true,"href":"https:\/\/wp.ufpel.edu.br\/csttt\/wp-json\/wp\/v2\/comments?post=1684"}],"version-history":[{"count":2,"href":"https:\/\/wp.ufpel.edu.br\/csttt\/wp-json\/wp\/v2\/posts\/1684\/revisions"}],"predecessor-version":[{"id":1686,"href":"https:\/\/wp.ufpel.edu.br\/csttt\/wp-json\/wp\/v2\/posts\/1684\/revisions\/1686"}],"wp:attachment":[{"href":"https:\/\/wp.ufpel.edu.br\/csttt\/wp-json\/wp\/v2\/media?parent=1684"}],"wp:term":[{"taxonomy":"category","embeddable":true,"href":"https:\/\/wp.ufpel.edu.br\/csttt\/wp-json\/wp\/v2\/categories?post=1684"},{"taxonomy":"post_tag","embeddable":true,"href":"https:\/\/wp.ufpel.edu.br\/csttt\/wp-json\/wp\/v2\/tags?post=1684"}],"curies":[{"name":"wp","href":"https:\/\/api.w.org\/{rel}","templated":true}]}}