{"id":168,"date":"2013-05-28T10:50:21","date_gmt":"2013-05-28T13:50:21","guid":{"rendered":"https:\/\/wp.ufpel.edu.br\/csttt\/?p=168"},"modified":"2013-05-28T10:50:21","modified_gmt":"2013-05-28T13:50:21","slug":"revista-estradas_chamada-de-trabalhos","status":"publish","type":"post","link":"https:\/\/wp.ufpel.edu.br\/csttt\/2013\/05\/28\/revista-estradas_chamada-de-trabalhos\/","title":{"rendered":"Revista Estradas_Chamada de trabalhos."},"content":{"rendered":"<p>A <strong>revista Estradas<\/strong> est\u00e1 preparando mais um n\u00famero. Como sempre contamos com a participa\u00e7\u00e3o dos t\u00e9cnicos e acad\u00eamicos da \u00e1rea da engenharia rodovi\u00e1ria.<\/p>\n<p style=\"text-align: center\"><strong>O prazo para envio de trabalhos \u00e9 at\u00e9 12 de julho.\u00a0<\/strong><\/p>\n<p>Os arquivos podem ser enviados para os emails:\u00a0<a href=\"mailto:revistaestradas@sudaer.com.br\" target=\"_blank\">revistaestradas@sudaer.com.br<\/a>,<a href=\"mailto:revistaestradas@gmail.com\" target=\"_blank\">revistaestradas@gmail.com<\/a>\u00a0ou\u00a0<a href=\"mailto:francisco.canabarro@gmail.com\" target=\"_blank\">francisco.canabarro@gmail.com<\/a>.<\/p>\n<p>Trabalhos t\u00e9cnicos devem ter no m\u00e1ximo 12, times new roman 12, espa\u00e7o 1,5.<\/p>\n<p>Artigos: 8 p\u00e1ginas, times new roman 12, espa\u00e7o 1,5.<\/p>\n<p>Relatos de experi\u00eancias: 8 p\u00e1ginas, times new roman 12, espa\u00e7o 1,5.<\/p>\n<p>Artigos de opini\u00e3o: no m\u00e1ximo 4 p\u00e1ginas, times new roman 12, espa\u00e7o 1,5.<\/p>\n<p style=\"text-align: center\">\n<strong><a href=\"https:\/\/wp.ufpel.edu.br\/csttt\/files\/2013\/05\/CARTAZ-TRABALHOS-revista-Estradas-EMAIL.jpg\"><img loading=\"lazy\" decoding=\"async\" class=\"alignnone size-medium wp-image-169\" alt=\"CARTAZ TRABALHOS revista Estradas EMAIL\" src=\"https:\/\/wp.ufpel.edu.br\/csttt\/files\/2013\/05\/CARTAZ-TRABALHOS-revista-Estradas-EMAIL-212x300.jpg\" width=\"212\" height=\"300\" \/><\/a><br \/>\n<\/strong><\/p>\n<p>Outros temas ser\u00e3o considerados pela comiss\u00e3o editorial.<\/p>\n<p>Atenciosamente<\/p>\n<p>Revista Estradas<\/p>\n","protected":false},"excerpt":{"rendered":"<p>A revista Estradas est\u00e1 preparando mais um n\u00famero. Como sempre contamos com a participa\u00e7\u00e3o dos t\u00e9cnicos e acad\u00eamicos da \u00e1rea da engenharia rodovi\u00e1ria. O prazo para envio de trabalhos \u00e9 at\u00e9 12 de julho.\u00a0 Os arquivos podem ser enviados para &hellip; <a href=\"https:\/\/wp.ufpel.edu.br\/csttt\/2013\/05\/28\/revista-estradas_chamada-de-trabalhos\/\">Continue lendo <span class=\"meta-nav\">&rarr;<\/span><\/a><\/p>\n","protected":false},"author":259,"featured_media":0,"comment_status":"closed","ping_status":"closed","sticky":false,"template":"","format":"standard","meta":{"_jetpack_memberships_contains_paid_content":false,"footnotes":""},"categories":[18],"tags":[],"class_list":["post-168","post","type-post","status-publish","format-standard","hentry","category-sem-categoria"],"jetpack_featured_media_url":"","jetpack_sharing_enabled":true,"_links":{"self":[{"href":"https:\/\/wp.ufpel.edu.br\/csttt\/wp-json\/wp\/v2\/posts\/168","targetHints":{"allow":["GET"]}}],"collection":[{"href":"https:\/\/wp.ufpel.edu.br\/csttt\/wp-json\/wp\/v2\/posts"}],"about":[{"href":"https:\/\/wp.ufpel.edu.br\/csttt\/wp-json\/wp\/v2\/types\/post"}],"author":[{"embeddable":true,"href":"https:\/\/wp.ufpel.edu.br\/csttt\/wp-json\/wp\/v2\/users\/259"}],"replies":[{"embeddable":true,"href":"https:\/\/wp.ufpel.edu.br\/csttt\/wp-json\/wp\/v2\/comments?post=168"}],"version-history":[{"count":1,"href":"https:\/\/wp.ufpel.edu.br\/csttt\/wp-json\/wp\/v2\/posts\/168\/revisions"}],"predecessor-version":[{"id":170,"href":"https:\/\/wp.ufpel.edu.br\/csttt\/wp-json\/wp\/v2\/posts\/168\/revisions\/170"}],"wp:attachment":[{"href":"https:\/\/wp.ufpel.edu.br\/csttt\/wp-json\/wp\/v2\/media?parent=168"}],"wp:term":[{"taxonomy":"category","embeddable":true,"href":"https:\/\/wp.ufpel.edu.br\/csttt\/wp-json\/wp\/v2\/categories?post=168"},{"taxonomy":"post_tag","embeddable":true,"href":"https:\/\/wp.ufpel.edu.br\/csttt\/wp-json\/wp\/v2\/tags?post=168"}],"curies":[{"name":"wp","href":"https:\/\/api.w.org\/{rel}","templated":true}]}}