{"id":1666,"date":"2018-05-08T18:49:01","date_gmt":"2018-05-08T21:49:01","guid":{"rendered":"https:\/\/wp.ufpel.edu.br\/csttt\/?p=1666"},"modified":"2018-05-08T18:49:01","modified_gmt":"2018-05-08T21:49:01","slug":"abertas-inscricoes-para-o-3o-desafio-microrrevolucoes-urbanas","status":"publish","type":"post","link":"https:\/\/wp.ufpel.edu.br\/csttt\/2018\/05\/08\/abertas-inscricoes-para-o-3o-desafio-microrrevolucoes-urbanas\/","title":{"rendered":"Abertas inscri\u00e7\u00f5es para o 3\u00ba Desafio Microrrevolu\u00e7\u00f5es Urbanas"},"content":{"rendered":"<p>Est\u00e3o abertas at\u00e9 17 de agosto as inscri\u00e7\u00f5es para o 3\u00ba Desafio Microrrevolu\u00e7\u00f5es Urbanas promovido pela\u00a0Empresa P\u00fablica de Transporte e Circula\u00e7\u00e3o\u00a0(EPTC), por interm\u00e9dio da Coordena\u00e7\u00e3o de Educa\u00e7\u00e3o para a Mobilidade (CEM). O concurso, direcionado a alunos de institui\u00e7\u00f5es do Ensino Superior, incentiva o desenvolvimento de projetos ligados \u00e0 mobilidade de Porto Alegre e das demais cidades do Estado, contribuindo para promover e qualificar, o bem-estar e a qualidade de vida da popula\u00e7\u00e3o. Os trabalhos focam os usu\u00e1rios do sistema de circula\u00e7\u00e3o como protagonistas na constru\u00e7\u00e3o de um novo cen\u00e1rio para a mobilidade nas cidades, propondo solu\u00e7\u00f5es simples e vi\u00e1veis para problemas cotidianos de mobilidade urbana. Informa\u00e7\u00f5es neste e-mail\u00a0<a href=\"mailto:projetouniversidades@eptc.prefpoa.com.br\"><u><strong>projetouniversidades@eptc.prefpoa.com.br<\/strong><\/u><\/a><\/p>\n<p>Demais informa\u00e7\u00f5es em\u00a0\u00a0<a href=\"http:\/\/www2.portoalegre.rs.gov.br\/eptc\/default.php?p_noticia=999196090&amp;ABERTAS+INSCRICOES+PARA+O+3O+DESAFIO+MICRORREVOLUCOES+URBANAS\" target=\"_blank\" rel=\"noopener\">http:\/\/www2.portoalegre.rs.gov.br\/eptc\/default.php?p_noticia=999196090&amp;ABERTAS+INSCRICOES+PARA+O+3O+DESAFIO+MICRORREVOLUCOES+URBANAS<\/a><\/p>\n<p>Att,<\/p>\n<p>A secretaria<\/p>\n","protected":false},"excerpt":{"rendered":"<p>Est\u00e3o abertas at\u00e9 17 de agosto as inscri\u00e7\u00f5es para o 3\u00ba Desafio Microrrevolu\u00e7\u00f5es Urbanas promovido pela\u00a0Empresa P\u00fablica de Transporte e Circula\u00e7\u00e3o\u00a0(EPTC), por interm\u00e9dio da Coordena\u00e7\u00e3o de Educa\u00e7\u00e3o para a Mobilidade (CEM). O concurso, direcionado a alunos de institui\u00e7\u00f5es do Ensino &hellip; <a href=\"https:\/\/wp.ufpel.edu.br\/csttt\/2018\/05\/08\/abertas-inscricoes-para-o-3o-desafio-microrrevolucoes-urbanas\/\">Continue lendo <span class=\"meta-nav\">&rarr;<\/span><\/a><\/p>\n","protected":false},"author":259,"featured_media":0,"comment_status":"closed","ping_status":"closed","sticky":false,"template":"","format":"standard","meta":{"_jetpack_memberships_contains_paid_content":false,"footnotes":""},"categories":[18],"tags":[],"class_list":["post-1666","post","type-post","status-publish","format-standard","hentry","category-sem-categoria"],"jetpack_featured_media_url":"","jetpack_sharing_enabled":true,"_links":{"self":[{"href":"https:\/\/wp.ufpel.edu.br\/csttt\/wp-json\/wp\/v2\/posts\/1666","targetHints":{"allow":["GET"]}}],"collection":[{"href":"https:\/\/wp.ufpel.edu.br\/csttt\/wp-json\/wp\/v2\/posts"}],"about":[{"href":"https:\/\/wp.ufpel.edu.br\/csttt\/wp-json\/wp\/v2\/types\/post"}],"author":[{"embeddable":true,"href":"https:\/\/wp.ufpel.edu.br\/csttt\/wp-json\/wp\/v2\/users\/259"}],"replies":[{"embeddable":true,"href":"https:\/\/wp.ufpel.edu.br\/csttt\/wp-json\/wp\/v2\/comments?post=1666"}],"version-history":[{"count":1,"href":"https:\/\/wp.ufpel.edu.br\/csttt\/wp-json\/wp\/v2\/posts\/1666\/revisions"}],"predecessor-version":[{"id":1667,"href":"https:\/\/wp.ufpel.edu.br\/csttt\/wp-json\/wp\/v2\/posts\/1666\/revisions\/1667"}],"wp:attachment":[{"href":"https:\/\/wp.ufpel.edu.br\/csttt\/wp-json\/wp\/v2\/media?parent=1666"}],"wp:term":[{"taxonomy":"category","embeddable":true,"href":"https:\/\/wp.ufpel.edu.br\/csttt\/wp-json\/wp\/v2\/categories?post=1666"},{"taxonomy":"post_tag","embeddable":true,"href":"https:\/\/wp.ufpel.edu.br\/csttt\/wp-json\/wp\/v2\/tags?post=1666"}],"curies":[{"name":"wp","href":"https:\/\/api.w.org\/{rel}","templated":true}]}}