{"id":1635,"date":"2018-03-27T20:31:24","date_gmt":"2018-03-27T23:31:24","guid":{"rendered":"https:\/\/wp.ufpel.edu.br\/csttt\/?p=1635"},"modified":"2018-03-27T20:31:24","modified_gmt":"2018-03-27T23:31:24","slug":"cancelamento-do-evento-a-presenca-da-ufpel-em-eldorado-do-sul-situacao-atual-e-perspectivas","status":"publish","type":"post","link":"https:\/\/wp.ufpel.edu.br\/csttt\/2018\/03\/27\/cancelamento-do-evento-a-presenca-da-ufpel-em-eldorado-do-sul-situacao-atual-e-perspectivas\/","title":{"rendered":"Cancelamento do Evento &#8220;A presen\u00e7a da UFPel em Eldorado do Sul: situa\u00e7\u00e3o atual e perspectivas\u201d."},"content":{"rendered":"<p>Informamos o cancelamento do evento\u00a0<em>A presen\u00e7a da UFPel em Eldorado do Sul: situa\u00e7\u00e3o atual e perspectivas\u201d,\u00a0<\/em>que seria realizado no dia 29\/03\/18, em virtude do feriado municipal. Quando houver nova data, haver\u00e1 ampla divulga\u00e7\u00e3o.<\/p>\n<p>Att,<\/p>\n<p>A Secretaria<\/p>\n","protected":false},"excerpt":{"rendered":"<p>Informamos o cancelamento do evento\u00a0A presen\u00e7a da UFPel em Eldorado do Sul: situa\u00e7\u00e3o atual e perspectivas\u201d,\u00a0que seria realizado no dia 29\/03\/18, em virtude do feriado municipal. Quando houver nova data, haver\u00e1 ampla divulga\u00e7\u00e3o. Att, A Secretaria<\/p>\n","protected":false},"author":259,"featured_media":0,"comment_status":"closed","ping_status":"closed","sticky":false,"template":"","format":"standard","meta":{"_jetpack_memberships_contains_paid_content":false,"footnotes":""},"categories":[18],"tags":[],"class_list":["post-1635","post","type-post","status-publish","format-standard","hentry","category-sem-categoria"],"jetpack_featured_media_url":"","jetpack_sharing_enabled":true,"_links":{"self":[{"href":"https:\/\/wp.ufpel.edu.br\/csttt\/wp-json\/wp\/v2\/posts\/1635","targetHints":{"allow":["GET"]}}],"collection":[{"href":"https:\/\/wp.ufpel.edu.br\/csttt\/wp-json\/wp\/v2\/posts"}],"about":[{"href":"https:\/\/wp.ufpel.edu.br\/csttt\/wp-json\/wp\/v2\/types\/post"}],"author":[{"embeddable":true,"href":"https:\/\/wp.ufpel.edu.br\/csttt\/wp-json\/wp\/v2\/users\/259"}],"replies":[{"embeddable":true,"href":"https:\/\/wp.ufpel.edu.br\/csttt\/wp-json\/wp\/v2\/comments?post=1635"}],"version-history":[{"count":1,"href":"https:\/\/wp.ufpel.edu.br\/csttt\/wp-json\/wp\/v2\/posts\/1635\/revisions"}],"predecessor-version":[{"id":1636,"href":"https:\/\/wp.ufpel.edu.br\/csttt\/wp-json\/wp\/v2\/posts\/1635\/revisions\/1636"}],"wp:attachment":[{"href":"https:\/\/wp.ufpel.edu.br\/csttt\/wp-json\/wp\/v2\/media?parent=1635"}],"wp:term":[{"taxonomy":"category","embeddable":true,"href":"https:\/\/wp.ufpel.edu.br\/csttt\/wp-json\/wp\/v2\/categories?post=1635"},{"taxonomy":"post_tag","embeddable":true,"href":"https:\/\/wp.ufpel.edu.br\/csttt\/wp-json\/wp\/v2\/tags?post=1635"}],"curies":[{"name":"wp","href":"https:\/\/api.w.org\/{rel}","templated":true}]}}