{"id":163,"date":"2013-05-26T12:34:17","date_gmt":"2013-05-26T15:34:17","guid":{"rendered":"https:\/\/wp.ufpel.edu.br\/csttt\/?p=163"},"modified":"2013-05-26T17:58:44","modified_gmt":"2013-05-26T20:58:44","slug":"atencao-aulas-dos-projetos-de-ensino-comecam-dia-27-e-29-de-maio","status":"publish","type":"post","link":"https:\/\/wp.ufpel.edu.br\/csttt\/2013\/05\/26\/atencao-aulas-dos-projetos-de-ensino-comecam-dia-27-e-29-de-maio\/","title":{"rendered":"ATEN\u00c7\u00c3O: aulas dos projetos de ensino come\u00e7am dia 29 e 31 de maio!!!"},"content":{"rendered":"<p>Prezados alunos<\/p>\n<p>Durante a pr\u00f3xima semana daremos inicio aos <strong>projetos de ensino<\/strong>:<\/p>\n<ul>\n<li>29\/05 &#8211;\u00a0<em>F\u00edsica Aplicada ao Transporte Terrestre<\/em> &#8211; Prof. F\u00e1bio Rocha<\/li>\n<li>31\/05 &#8211; <em>Teorias da Cidade<\/em> &#8211; Professora Nat\u00e1lia Steigleder<\/li>\n<\/ul>\n<p>Obs. Os encontros come\u00e7ar\u00e3o sempre \u00e0s 17h.<\/p>\n","protected":false},"excerpt":{"rendered":"<p>Prezados alunos Durante a pr\u00f3xima semana daremos inicio aos projetos de ensino: 29\/05 &#8211;\u00a0F\u00edsica Aplicada ao Transporte Terrestre &#8211; Prof. F\u00e1bio Rocha 31\/05 &#8211; Teorias da Cidade &#8211; Professora Nat\u00e1lia Steigleder Obs. Os encontros come\u00e7ar\u00e3o sempre \u00e0s 17h.<\/p>\n","protected":false},"author":259,"featured_media":0,"comment_status":"closed","ping_status":"closed","sticky":false,"template":"","format":"standard","meta":{"_jetpack_memberships_contains_paid_content":false,"footnotes":""},"categories":[18],"tags":[],"class_list":["post-163","post","type-post","status-publish","format-standard","hentry","category-sem-categoria"],"jetpack_featured_media_url":"","jetpack_sharing_enabled":true,"_links":{"self":[{"href":"https:\/\/wp.ufpel.edu.br\/csttt\/wp-json\/wp\/v2\/posts\/163","targetHints":{"allow":["GET"]}}],"collection":[{"href":"https:\/\/wp.ufpel.edu.br\/csttt\/wp-json\/wp\/v2\/posts"}],"about":[{"href":"https:\/\/wp.ufpel.edu.br\/csttt\/wp-json\/wp\/v2\/types\/post"}],"author":[{"embeddable":true,"href":"https:\/\/wp.ufpel.edu.br\/csttt\/wp-json\/wp\/v2\/users\/259"}],"replies":[{"embeddable":true,"href":"https:\/\/wp.ufpel.edu.br\/csttt\/wp-json\/wp\/v2\/comments?post=163"}],"version-history":[{"count":4,"href":"https:\/\/wp.ufpel.edu.br\/csttt\/wp-json\/wp\/v2\/posts\/163\/revisions"}],"predecessor-version":[{"id":167,"href":"https:\/\/wp.ufpel.edu.br\/csttt\/wp-json\/wp\/v2\/posts\/163\/revisions\/167"}],"wp:attachment":[{"href":"https:\/\/wp.ufpel.edu.br\/csttt\/wp-json\/wp\/v2\/media?parent=163"}],"wp:term":[{"taxonomy":"category","embeddable":true,"href":"https:\/\/wp.ufpel.edu.br\/csttt\/wp-json\/wp\/v2\/categories?post=163"},{"taxonomy":"post_tag","embeddable":true,"href":"https:\/\/wp.ufpel.edu.br\/csttt\/wp-json\/wp\/v2\/tags?post=163"}],"curies":[{"name":"wp","href":"https:\/\/api.w.org\/{rel}","templated":true}]}}