{"id":1627,"date":"2018-03-21T16:43:01","date_gmt":"2018-03-21T19:43:01","guid":{"rendered":"https:\/\/wp.ufpel.edu.br\/csttt\/?p=1627"},"modified":"2018-03-21T16:43:42","modified_gmt":"2018-03-21T19:43:42","slug":"ajuste-de-matricula","status":"publish","type":"post","link":"https:\/\/wp.ufpel.edu.br\/csttt\/2018\/03\/21\/ajuste-de-matricula\/","title":{"rendered":"Ajuste de matr\u00edcula"},"content":{"rendered":"<p>Conforme o calend\u00e1rio acad\u00eamico da Universidade, est\u00e1 aberto o per\u00edodo (<strong>de 21\/03\/18 a 27\/03\/18<\/strong>) para o ajuste de matr\u00edcula no Colegiado do CSTTT.<\/p>\n<p>&nbsp;<\/p>\n<p><span style=\"font-size: 8pt\">Hor\u00e1rios de funcionamento da secretaria: segundas, das 15h \u00e0s 21h; ter\u00e7as e quintas, das 12:00 \u00e0s 14:30 e das 18h \u00e0s 21:30h; quartas e sextas, das 12:00 \u00e0s 18:00.<\/span><\/p>\n<p>Att,<\/p>\n<p>A secretaria<\/p>\n<p>&nbsp;<\/p>\n","protected":false},"excerpt":{"rendered":"<p>Conforme o calend\u00e1rio acad\u00eamico da Universidade, est\u00e1 aberto o per\u00edodo (de 21\/03\/18 a 27\/03\/18) para o ajuste de matr\u00edcula no Colegiado do CSTTT. &nbsp; Hor\u00e1rios de funcionamento da secretaria: segundas, das 15h \u00e0s 21h; ter\u00e7as e quintas, das 12:00 \u00e0s &hellip; <a href=\"https:\/\/wp.ufpel.edu.br\/csttt\/2018\/03\/21\/ajuste-de-matricula\/\">Continue lendo <span class=\"meta-nav\">&rarr;<\/span><\/a><\/p>\n","protected":false},"author":259,"featured_media":0,"comment_status":"closed","ping_status":"closed","sticky":false,"template":"","format":"standard","meta":{"_jetpack_memberships_contains_paid_content":false,"footnotes":""},"categories":[18],"tags":[],"class_list":["post-1627","post","type-post","status-publish","format-standard","hentry","category-sem-categoria"],"jetpack_featured_media_url":"","jetpack_sharing_enabled":true,"_links":{"self":[{"href":"https:\/\/wp.ufpel.edu.br\/csttt\/wp-json\/wp\/v2\/posts\/1627","targetHints":{"allow":["GET"]}}],"collection":[{"href":"https:\/\/wp.ufpel.edu.br\/csttt\/wp-json\/wp\/v2\/posts"}],"about":[{"href":"https:\/\/wp.ufpel.edu.br\/csttt\/wp-json\/wp\/v2\/types\/post"}],"author":[{"embeddable":true,"href":"https:\/\/wp.ufpel.edu.br\/csttt\/wp-json\/wp\/v2\/users\/259"}],"replies":[{"embeddable":true,"href":"https:\/\/wp.ufpel.edu.br\/csttt\/wp-json\/wp\/v2\/comments?post=1627"}],"version-history":[{"count":2,"href":"https:\/\/wp.ufpel.edu.br\/csttt\/wp-json\/wp\/v2\/posts\/1627\/revisions"}],"predecessor-version":[{"id":1629,"href":"https:\/\/wp.ufpel.edu.br\/csttt\/wp-json\/wp\/v2\/posts\/1627\/revisions\/1629"}],"wp:attachment":[{"href":"https:\/\/wp.ufpel.edu.br\/csttt\/wp-json\/wp\/v2\/media?parent=1627"}],"wp:term":[{"taxonomy":"category","embeddable":true,"href":"https:\/\/wp.ufpel.edu.br\/csttt\/wp-json\/wp\/v2\/categories?post=1627"},{"taxonomy":"post_tag","embeddable":true,"href":"https:\/\/wp.ufpel.edu.br\/csttt\/wp-json\/wp\/v2\/tags?post=1627"}],"curies":[{"name":"wp","href":"https:\/\/api.w.org\/{rel}","templated":true}]}}