{"id":1619,"date":"2018-03-21T15:12:30","date_gmt":"2018-03-21T18:12:30","guid":{"rendered":"https:\/\/wp.ufpel.edu.br\/csttt\/?p=1619"},"modified":"2018-03-21T16:37:09","modified_gmt":"2018-03-21T19:37:09","slug":"reingresso-chamamento-para-matriculas-no-colegiado","status":"publish","type":"post","link":"https:\/\/wp.ufpel.edu.br\/csttt\/2018\/03\/21\/reingresso-chamamento-para-matriculas-no-colegiado\/","title":{"rendered":"Reingresso &#8211; Chamamento para matr\u00edculas no colegiado"},"content":{"rendered":"<p>Conforme edital 018\/2017, est\u00e1 aberto o per\u00edodo para as matr\u00edculas dos alunos ingressantes por\u00a0REOP\u00c7\u00c3O, TRANSFER\u00caNCIA, REINGRESSO\u00a0 E PORTADOR DE DIPLOMA. Nesse semestre, o curso teve candidatos para reingresso, em tal modalidade as matr\u00edculas devem ser feitas no Colegiado do curso no per\u00edodo de <strong>21\/03\/18 a 27\/03\/18<\/strong>, conforme estabelecido no calend\u00e1rio acad\u00eamico,<br \/>\ndisponibilizado em: <a href=\"http:\/\/wp.ufpel.edu.br\/cra\/calendarios-academicos.\">http:\/\/wp.ufpel.edu.br\/cra\/calendarios-academicos.<\/a><\/p>\n<p>Candidatos que tiveram suas solicita\u00e7\u00f5es para reingresso atendidas:<\/p>\n<p><span style=\"font-size: 12pt\"><strong>1 &#8211; Tiago Tavares\u00a0<\/strong><\/span><br \/>\n<span style=\"font-size: 12pt\"><strong>\u00a02 &#8211; Carmem Angela dos Santos Overbeck\u00a0<\/strong><\/span><\/p>\n<p>&nbsp;<\/p>\n<p><a href=\"https:\/\/wp.ufpel.edu.br\/csttt\/files\/2018\/03\/Resultado_Final_Edital_018_2017.pdf\">Resultado_Final_Edital_018_2017<\/a><\/p>\n<p><a href=\"https:\/\/wp.ufpel.edu.br\/csttt\/files\/2018\/03\/Edital_018_2017_resultado_final.pdf\">Edital_018_2017_resultado_final<\/a><\/p>\n<p>&nbsp;<\/p>\n<p><span style=\"font-size: 8pt\">Obs.: Hor\u00e1rios de funcionamento da secretaria: segundas, das 15h \u00e0s 21h; ter\u00e7as e quintas, das 12:00 \u00e0s 14:30 e das 18h \u00e0s 21:30h; quartas e sextas, das 12:00 \u00e0s 18:00.<\/span><\/p>\n<p>&nbsp;<\/p>\n<p>Att,<\/p>\n<p>&nbsp;<\/p>\n<p>A secretaria<\/p>\n","protected":false},"excerpt":{"rendered":"<p>Conforme edital 018\/2017, est\u00e1 aberto o per\u00edodo para as matr\u00edculas dos alunos ingressantes por\u00a0REOP\u00c7\u00c3O, TRANSFER\u00caNCIA, REINGRESSO\u00a0 E PORTADOR DE DIPLOMA. Nesse semestre, o curso teve candidatos para reingresso, em tal modalidade as matr\u00edculas devem ser feitas no Colegiado do curso &hellip; <a href=\"https:\/\/wp.ufpel.edu.br\/csttt\/2018\/03\/21\/reingresso-chamamento-para-matriculas-no-colegiado\/\">Continue lendo <span class=\"meta-nav\">&rarr;<\/span><\/a><\/p>\n","protected":false},"author":259,"featured_media":0,"comment_status":"closed","ping_status":"closed","sticky":false,"template":"","format":"standard","meta":{"_jetpack_memberships_contains_paid_content":false,"footnotes":""},"categories":[18],"tags":[],"class_list":["post-1619","post","type-post","status-publish","format-standard","hentry","category-sem-categoria"],"jetpack_featured_media_url":"","jetpack_sharing_enabled":true,"_links":{"self":[{"href":"https:\/\/wp.ufpel.edu.br\/csttt\/wp-json\/wp\/v2\/posts\/1619","targetHints":{"allow":["GET"]}}],"collection":[{"href":"https:\/\/wp.ufpel.edu.br\/csttt\/wp-json\/wp\/v2\/posts"}],"about":[{"href":"https:\/\/wp.ufpel.edu.br\/csttt\/wp-json\/wp\/v2\/types\/post"}],"author":[{"embeddable":true,"href":"https:\/\/wp.ufpel.edu.br\/csttt\/wp-json\/wp\/v2\/users\/259"}],"replies":[{"embeddable":true,"href":"https:\/\/wp.ufpel.edu.br\/csttt\/wp-json\/wp\/v2\/comments?post=1619"}],"version-history":[{"count":4,"href":"https:\/\/wp.ufpel.edu.br\/csttt\/wp-json\/wp\/v2\/posts\/1619\/revisions"}],"predecessor-version":[{"id":1625,"href":"https:\/\/wp.ufpel.edu.br\/csttt\/wp-json\/wp\/v2\/posts\/1619\/revisions\/1625"}],"wp:attachment":[{"href":"https:\/\/wp.ufpel.edu.br\/csttt\/wp-json\/wp\/v2\/media?parent=1619"}],"wp:term":[{"taxonomy":"category","embeddable":true,"href":"https:\/\/wp.ufpel.edu.br\/csttt\/wp-json\/wp\/v2\/categories?post=1619"},{"taxonomy":"post_tag","embeddable":true,"href":"https:\/\/wp.ufpel.edu.br\/csttt\/wp-json\/wp\/v2\/tags?post=1619"}],"curies":[{"name":"wp","href":"https:\/\/api.w.org\/{rel}","templated":true}]}}