{"id":1597,"date":"2018-03-06T14:09:14","date_gmt":"2018-03-06T17:09:14","guid":{"rendered":"https:\/\/wp.ufpel.edu.br\/csttt\/?p=1597"},"modified":"2018-03-06T14:09:14","modified_gmt":"2018-03-06T17:09:14","slug":"convite-para-o-evento-a-presenca-da-ufpel-em-eldorado-do-sul-situacao-atual-e-perspectivas","status":"publish","type":"post","link":"https:\/\/wp.ufpel.edu.br\/csttt\/2018\/03\/06\/convite-para-o-evento-a-presenca-da-ufpel-em-eldorado-do-sul-situacao-atual-e-perspectivas\/","title":{"rendered":"Convite para o evento &#8220;A presen\u00e7a da UFPel em Eldorado do Sul: situa\u00e7\u00e3o atual e perspectivas&#8221;"},"content":{"rendered":"<p class=\"Texto_Justificado_Recuo_Primeira_Linha\">A Coordena\u00e7\u00e3o do Curso Superior de Tecnologia em Transporte Terrestre (CSTTT) convida a todos para o evento\u00a0&#8220;A presen\u00e7a da UFPel em Eldorado do Sul: situa\u00e7\u00e3o atual e perspectivas&#8221;, a realizar-se no dia 29\/03\/18, conforme programa\u00e7\u00e3o:<\/p>\n<p>&#8211; Encontro com professores, t\u00e9cnico administrativo e representante discente \u00e0s 16h30.<\/p>\n<p>&#8211; \u00c0s 19h, Aula Inaugural do ano letivo com uma fala de 45 minutos do Senhor Reitor e, em seguida,\u00a0mesa redonda com a presen\u00e7a dos representantes do conv\u00eanio: Prefeitura, Reitoria, CIM e Coordena\u00e7\u00e3o do CSTTT.<\/p>\n<p class=\"Texto_Justificado_Recuo_Primeira_Linha\">O evento ser\u00e1 realizado na sede do CSTTT, junto \u00e0s depend\u00eancias da E.M.E.F C\u00f4nego Eug\u00eanio Mees, Rua\u00a0Rua\u00a0Francisca\u00a0da Silva, 319 &#8211; Bairro Ch\u00e1cara.<\/p>\n<p>&nbsp;<\/p>\n<p class=\"Texto_Justificado_Recuo_Primeira_Linha\">\n<p class=\"Tabela_Texto_Centralizado\">Att,<\/p>\n<p>A secretaria<\/p>\n<p class=\"Tabela_Texto_Centralizado\">\n","protected":false},"excerpt":{"rendered":"<p>A Coordena\u00e7\u00e3o do Curso Superior de Tecnologia em Transporte Terrestre (CSTTT) convida a todos para o evento\u00a0&#8220;A presen\u00e7a da UFPel em Eldorado do Sul: situa\u00e7\u00e3o atual e perspectivas&#8221;, a realizar-se no dia 29\/03\/18, conforme programa\u00e7\u00e3o: &#8211; Encontro com professores, t\u00e9cnico &hellip; <a href=\"https:\/\/wp.ufpel.edu.br\/csttt\/2018\/03\/06\/convite-para-o-evento-a-presenca-da-ufpel-em-eldorado-do-sul-situacao-atual-e-perspectivas\/\">Continue lendo <span class=\"meta-nav\">&rarr;<\/span><\/a><\/p>\n","protected":false},"author":259,"featured_media":0,"comment_status":"closed","ping_status":"closed","sticky":false,"template":"","format":"standard","meta":{"_jetpack_memberships_contains_paid_content":false,"footnotes":""},"categories":[18],"tags":[],"class_list":["post-1597","post","type-post","status-publish","format-standard","hentry","category-sem-categoria"],"jetpack_featured_media_url":"","jetpack_sharing_enabled":true,"_links":{"self":[{"href":"https:\/\/wp.ufpel.edu.br\/csttt\/wp-json\/wp\/v2\/posts\/1597","targetHints":{"allow":["GET"]}}],"collection":[{"href":"https:\/\/wp.ufpel.edu.br\/csttt\/wp-json\/wp\/v2\/posts"}],"about":[{"href":"https:\/\/wp.ufpel.edu.br\/csttt\/wp-json\/wp\/v2\/types\/post"}],"author":[{"embeddable":true,"href":"https:\/\/wp.ufpel.edu.br\/csttt\/wp-json\/wp\/v2\/users\/259"}],"replies":[{"embeddable":true,"href":"https:\/\/wp.ufpel.edu.br\/csttt\/wp-json\/wp\/v2\/comments?post=1597"}],"version-history":[{"count":1,"href":"https:\/\/wp.ufpel.edu.br\/csttt\/wp-json\/wp\/v2\/posts\/1597\/revisions"}],"predecessor-version":[{"id":1598,"href":"https:\/\/wp.ufpel.edu.br\/csttt\/wp-json\/wp\/v2\/posts\/1597\/revisions\/1598"}],"wp:attachment":[{"href":"https:\/\/wp.ufpel.edu.br\/csttt\/wp-json\/wp\/v2\/media?parent=1597"}],"wp:term":[{"taxonomy":"category","embeddable":true,"href":"https:\/\/wp.ufpel.edu.br\/csttt\/wp-json\/wp\/v2\/categories?post=1597"},{"taxonomy":"post_tag","embeddable":true,"href":"https:\/\/wp.ufpel.edu.br\/csttt\/wp-json\/wp\/v2\/tags?post=1597"}],"curies":[{"name":"wp","href":"https:\/\/api.w.org\/{rel}","templated":true}]}}