{"id":1591,"date":"2018-03-01T16:21:15","date_gmt":"2018-03-01T19:21:15","guid":{"rendered":"https:\/\/wp.ufpel.edu.br\/csttt\/?p=1591"},"modified":"2018-03-01T16:21:15","modified_gmt":"2018-03-01T19:21:15","slug":"convite-para-defesa-de-tccs-do-csttt","status":"publish","type":"post","link":"https:\/\/wp.ufpel.edu.br\/csttt\/2018\/03\/01\/convite-para-defesa-de-tccs-do-csttt\/","title":{"rendered":"Convite para defesa de TCCs do CSTTT"},"content":{"rendered":"<p>A pedido da Prof.\u00aa Raquel:<\/p>\n<p>Neste s\u00e1bado, a partir das 9h., na sede do curso, ocorrer\u00e3o as defesas de TCCs dos seguintes alunos:<\/p>\n<ul>\n<li>Elizete<\/li>\n<li>Giomar<\/li>\n<li>Vanessa<\/li>\n<\/ul>\n<p>Venham prestigiar os colegas!<\/p>\n<p>\u00c9 importante a participa\u00e7\u00e3o nas defesas para saber o que esperar do &#8220;grande dia&#8221;, contamos com a participa\u00e7\u00e3o dos alunos.<\/p>\n<p>&nbsp;<\/p>\n<p>Att,<\/p>\n<p>A secretaria<\/p>\n","protected":false},"excerpt":{"rendered":"<p>A pedido da Prof.\u00aa Raquel: Neste s\u00e1bado, a partir das 9h., na sede do curso, ocorrer\u00e3o as defesas de TCCs dos seguintes alunos: Elizete Giomar Vanessa Venham prestigiar os colegas! \u00c9 importante a participa\u00e7\u00e3o nas defesas para saber o que &hellip; <a href=\"https:\/\/wp.ufpel.edu.br\/csttt\/2018\/03\/01\/convite-para-defesa-de-tccs-do-csttt\/\">Continue lendo <span class=\"meta-nav\">&rarr;<\/span><\/a><\/p>\n","protected":false},"author":259,"featured_media":0,"comment_status":"closed","ping_status":"closed","sticky":false,"template":"","format":"standard","meta":{"_jetpack_memberships_contains_paid_content":false,"footnotes":""},"categories":[18],"tags":[],"class_list":["post-1591","post","type-post","status-publish","format-standard","hentry","category-sem-categoria"],"jetpack_featured_media_url":"","jetpack_sharing_enabled":true,"_links":{"self":[{"href":"https:\/\/wp.ufpel.edu.br\/csttt\/wp-json\/wp\/v2\/posts\/1591","targetHints":{"allow":["GET"]}}],"collection":[{"href":"https:\/\/wp.ufpel.edu.br\/csttt\/wp-json\/wp\/v2\/posts"}],"about":[{"href":"https:\/\/wp.ufpel.edu.br\/csttt\/wp-json\/wp\/v2\/types\/post"}],"author":[{"embeddable":true,"href":"https:\/\/wp.ufpel.edu.br\/csttt\/wp-json\/wp\/v2\/users\/259"}],"replies":[{"embeddable":true,"href":"https:\/\/wp.ufpel.edu.br\/csttt\/wp-json\/wp\/v2\/comments?post=1591"}],"version-history":[{"count":1,"href":"https:\/\/wp.ufpel.edu.br\/csttt\/wp-json\/wp\/v2\/posts\/1591\/revisions"}],"predecessor-version":[{"id":1592,"href":"https:\/\/wp.ufpel.edu.br\/csttt\/wp-json\/wp\/v2\/posts\/1591\/revisions\/1592"}],"wp:attachment":[{"href":"https:\/\/wp.ufpel.edu.br\/csttt\/wp-json\/wp\/v2\/media?parent=1591"}],"wp:term":[{"taxonomy":"category","embeddable":true,"href":"https:\/\/wp.ufpel.edu.br\/csttt\/wp-json\/wp\/v2\/categories?post=1591"},{"taxonomy":"post_tag","embeddable":true,"href":"https:\/\/wp.ufpel.edu.br\/csttt\/wp-json\/wp\/v2\/tags?post=1591"}],"curies":[{"name":"wp","href":"https:\/\/api.w.org\/{rel}","templated":true}]}}