{"id":1586,"date":"2018-02-23T16:24:52","date_gmt":"2018-02-23T19:24:52","guid":{"rendered":"https:\/\/wp.ufpel.edu.br\/csttt\/?p=1586"},"modified":"2018-02-23T16:30:21","modified_gmt":"2018-02-23T19:30:21","slug":"divulgacao-iv-seminario-internacional-cidades-em-transito","status":"publish","type":"post","link":"https:\/\/wp.ufpel.edu.br\/csttt\/2018\/02\/23\/divulgacao-iv-seminario-internacional-cidades-em-transito\/","title":{"rendered":"Divulga\u00e7\u00e3o IV SEMIN\u00c1RIO INTERNACIONAL CIDADES EM TR\u00c2NSITO"},"content":{"rendered":"<p><span style=\"font-family: arial, helvetica, sans-serif\">De\u00a029\/08\/2018 a 31\/08\/2018 ser\u00e1 realizado o\u00a0IV SEMIN\u00c1RIO INTERNACIONAL CIDADES EM TR\u00c2NSITO. Inscri\u00e7\u00f5es e demais informa\u00e7\u00f5es podem ser acessadas no link abaixo:<\/span><\/p>\n<p><a href=\"https:\/\/www.eventbrite.com.br\/e\/iv-seminario-internacional-cidades-em-transito-educacao-tecnologia-e-mobilidade-tickets-41402042624\">https:\/\/www.eventbrite.com.br\/e\/iv-seminario-internacional-cidades-em-transito-educacao-tecnologia-e-mobilidade-tickets-41402042624<\/a><\/p>\n<p>&nbsp;<\/p>\n<p>Att,<\/p>\n<p>A Secretaria<\/p>\n","protected":false},"excerpt":{"rendered":"<p>De\u00a029\/08\/2018 a 31\/08\/2018 ser\u00e1 realizado o\u00a0IV SEMIN\u00c1RIO INTERNACIONAL CIDADES EM TR\u00c2NSITO. Inscri\u00e7\u00f5es e demais informa\u00e7\u00f5es podem ser acessadas no link abaixo: https:\/\/www.eventbrite.com.br\/e\/iv-seminario-internacional-cidades-em-transito-educacao-tecnologia-e-mobilidade-tickets-41402042624 &nbsp; Att, A Secretaria<\/p>\n","protected":false},"author":259,"featured_media":0,"comment_status":"closed","ping_status":"closed","sticky":false,"template":"","format":"standard","meta":{"_jetpack_memberships_contains_paid_content":false,"footnotes":""},"categories":[18],"tags":[],"class_list":["post-1586","post","type-post","status-publish","format-standard","hentry","category-sem-categoria"],"jetpack_featured_media_url":"","jetpack_sharing_enabled":true,"_links":{"self":[{"href":"https:\/\/wp.ufpel.edu.br\/csttt\/wp-json\/wp\/v2\/posts\/1586","targetHints":{"allow":["GET"]}}],"collection":[{"href":"https:\/\/wp.ufpel.edu.br\/csttt\/wp-json\/wp\/v2\/posts"}],"about":[{"href":"https:\/\/wp.ufpel.edu.br\/csttt\/wp-json\/wp\/v2\/types\/post"}],"author":[{"embeddable":true,"href":"https:\/\/wp.ufpel.edu.br\/csttt\/wp-json\/wp\/v2\/users\/259"}],"replies":[{"embeddable":true,"href":"https:\/\/wp.ufpel.edu.br\/csttt\/wp-json\/wp\/v2\/comments?post=1586"}],"version-history":[{"count":3,"href":"https:\/\/wp.ufpel.edu.br\/csttt\/wp-json\/wp\/v2\/posts\/1586\/revisions"}],"predecessor-version":[{"id":1589,"href":"https:\/\/wp.ufpel.edu.br\/csttt\/wp-json\/wp\/v2\/posts\/1586\/revisions\/1589"}],"wp:attachment":[{"href":"https:\/\/wp.ufpel.edu.br\/csttt\/wp-json\/wp\/v2\/media?parent=1586"}],"wp:term":[{"taxonomy":"category","embeddable":true,"href":"https:\/\/wp.ufpel.edu.br\/csttt\/wp-json\/wp\/v2\/categories?post=1586"},{"taxonomy":"post_tag","embeddable":true,"href":"https:\/\/wp.ufpel.edu.br\/csttt\/wp-json\/wp\/v2\/tags?post=1586"}],"curies":[{"name":"wp","href":"https:\/\/api.w.org\/{rel}","templated":true}]}}