{"id":1554,"date":"2018-01-25T16:12:42","date_gmt":"2018-01-25T18:12:42","guid":{"rendered":"https:\/\/wp.ufpel.edu.br\/csttt\/?p=1554"},"modified":"2018-01-29T20:14:24","modified_gmt":"2018-01-29T22:14:24","slug":"vestibular-2018-csttt-inscricoes-de-26-01-18-a-08-02-18","status":"publish","type":"post","link":"https:\/\/wp.ufpel.edu.br\/csttt\/2018\/01\/25\/vestibular-2018-csttt-inscricoes-de-26-01-18-a-08-02-18\/","title":{"rendered":"Vestibular 2018 CSTTT &#8211; inscri\u00e7\u00f5es de 26\/01\/18 a 08\/02\/18."},"content":{"rendered":"<div>\u00a0 \u00a0 \u00a0A partir de amanh\u00e3, dia<b>\u00a026\/01\/2018<\/b>, estar\u00e3o abertas as inscri\u00e7\u00f5es para o Vestibular do Curso Superior de Tecnologia em Transporte Terrestre (CSTTT) &#8211; UFPel. O per\u00edodo de inscri\u00e7\u00f5es encerra-se em\u00a0<b>08\/02\/2018<\/b>.<\/div>\n<div>\u00a0 \u00a0 \u00a0Metade das vagas ser\u00e3o destinadas a egressos de escolas p\u00fablicas.<b>\u00a0Haver\u00e1 tamb\u00e9m reserva de vagas para residentes do munic\u00edpio de Eldorado do Sul.<\/b><\/div>\n<div>\u00a0 \u00a0 \u00a0Os candidatos podem requerer a isen\u00e7\u00e3o da taxa de inscri\u00e7\u00e3o no vestibular mediante crit\u00e9rios estabelecidos no edital. O ingresso no curso dar-se-\u00e1 exclusivamente pelo vestibular.<\/div>\n<div>\u00a0 \u00a0 \u00a0Demais informa\u00e7\u00f5es sobre o processo, assim como o edital de abertura, podem ser acessados em\u00a0<a href=\"http:\/\/ces.ufpel.edu.br\/vestibular\/vested0002_2018\/\">http:\/\/ces.ufpel.edu.br\/vestibular\/vested0002_2018\/<\/a><\/div>\n<div><b>Obs.:as inscri\u00e7\u00f5es devem ser realizadas exclusivamente pela internet, no link acima.\u00a0<\/b><\/div>\n<div><\/div>\n<div><\/div>\n<div>A secretaria do curso localiza-se junto \u00e0s depend\u00eancias da Escola C\u00f4nego E. Mees &#8211; Rua Francisca da Silva, 319 \u2013 Bairro Ch\u00e1cara &#8211; Eldorado do Sul<\/div>\n<div><\/div>\n<div><\/div>\n<div>Att,<\/div>\n<div><\/div>\n<div><\/div>\n<div>A secretaria<\/div>\n<div><\/div>\n<div><\/div>\n<div><\/div>\n","protected":false},"excerpt":{"rendered":"<p>\u00a0 \u00a0 \u00a0A partir de amanh\u00e3, dia\u00a026\/01\/2018, estar\u00e3o abertas as inscri\u00e7\u00f5es para o Vestibular do Curso Superior de Tecnologia em Transporte Terrestre (CSTTT) &#8211; UFPel. O per\u00edodo de inscri\u00e7\u00f5es encerra-se em\u00a008\/02\/2018. \u00a0 \u00a0 \u00a0Metade das vagas ser\u00e3o destinadas a egressos &hellip; <a href=\"https:\/\/wp.ufpel.edu.br\/csttt\/2018\/01\/25\/vestibular-2018-csttt-inscricoes-de-26-01-18-a-08-02-18\/\">Continue lendo <span class=\"meta-nav\">&rarr;<\/span><\/a><\/p>\n","protected":false},"author":259,"featured_media":0,"comment_status":"closed","ping_status":"closed","sticky":false,"template":"","format":"standard","meta":{"_jetpack_memberships_contains_paid_content":false,"footnotes":""},"categories":[18],"tags":[],"class_list":["post-1554","post","type-post","status-publish","format-standard","hentry","category-sem-categoria"],"jetpack_featured_media_url":"","jetpack_sharing_enabled":true,"_links":{"self":[{"href":"https:\/\/wp.ufpel.edu.br\/csttt\/wp-json\/wp\/v2\/posts\/1554","targetHints":{"allow":["GET"]}}],"collection":[{"href":"https:\/\/wp.ufpel.edu.br\/csttt\/wp-json\/wp\/v2\/posts"}],"about":[{"href":"https:\/\/wp.ufpel.edu.br\/csttt\/wp-json\/wp\/v2\/types\/post"}],"author":[{"embeddable":true,"href":"https:\/\/wp.ufpel.edu.br\/csttt\/wp-json\/wp\/v2\/users\/259"}],"replies":[{"embeddable":true,"href":"https:\/\/wp.ufpel.edu.br\/csttt\/wp-json\/wp\/v2\/comments?post=1554"}],"version-history":[{"count":10,"href":"https:\/\/wp.ufpel.edu.br\/csttt\/wp-json\/wp\/v2\/posts\/1554\/revisions"}],"predecessor-version":[{"id":1566,"href":"https:\/\/wp.ufpel.edu.br\/csttt\/wp-json\/wp\/v2\/posts\/1554\/revisions\/1566"}],"wp:attachment":[{"href":"https:\/\/wp.ufpel.edu.br\/csttt\/wp-json\/wp\/v2\/media?parent=1554"}],"wp:term":[{"taxonomy":"category","embeddable":true,"href":"https:\/\/wp.ufpel.edu.br\/csttt\/wp-json\/wp\/v2\/categories?post=1554"},{"taxonomy":"post_tag","embeddable":true,"href":"https:\/\/wp.ufpel.edu.br\/csttt\/wp-json\/wp\/v2\/tags?post=1554"}],"curies":[{"name":"wp","href":"https:\/\/api.w.org\/{rel}","templated":true}]}}