{"id":1520,"date":"2017-11-20T18:35:43","date_gmt":"2017-11-20T20:35:43","guid":{"rendered":"https:\/\/wp.ufpel.edu.br\/csttt\/?p=1520"},"modified":"2017-11-20T20:31:05","modified_gmt":"2017-11-20T22:31:05","slug":"calendario-academico-2017","status":"publish","type":"post","link":"https:\/\/wp.ufpel.edu.br\/csttt\/2017\/11\/20\/calendario-academico-2017\/","title":{"rendered":"Calend\u00e1rio Acad\u00eamico 2017"},"content":{"rendered":"<p><strong>M\u00eas: Novembro\/2017<\/strong><\/p>\n<table>\n<tbody>\n<tr>\n<td width=\"86\">02 Quinta<\/td>\n<td width=\"487\">Feriado: Finados<\/td>\n<\/tr>\n<tr>\n<td width=\"86\">06 Segunda<\/td>\n<td width=\"487\">In\u00edcio do per\u00edodo de inscri\u00e7\u00e3o para Transfer\u00eancia, Reop\u00e7\u00e3o, Reingresso e Portador de T\u00edtulo 2018\/1<\/td>\n<\/tr>\n<tr>\n<td width=\"86\">10 Sexta<\/td>\n<td width=\"487\">Encerramento do per\u00edodo de inscri\u00e7\u00e3o para Transfer\u00eancia, Reop\u00e7\u00e3o, Reingresso e Portador de T\u00edtulo 2018\/1<\/td>\n<\/tr>\n<tr>\n<td width=\"86\">13 Segunda<\/td>\n<td width=\"487\">In\u00edcio do per\u00edodo de solicita\u00e7\u00e3o de Aproveitamento de Disciplinas 2017\/2 nos colegiados de curso<\/td>\n<\/tr>\n<tr>\n<td width=\"86\">15 Quarta<\/td>\n<td width=\"487\">Feriado: Proclama\u00e7\u00e3o da Rep\u00fablica<\/td>\n<\/tr>\n<tr>\n<td width=\"86\">17 Sexta<\/td>\n<td width=\"487\">Encerramento do per\u00edodo de solicita\u00e7\u00e3o de Aproveitamento de Disciplinas 2017\/2 nos colegiados de curso<\/td>\n<\/tr>\n<tr>\n<td width=\"86\">20 Segunda<\/td>\n<td width=\"487\">In\u00edcio da Semana de Integra\u00e7\u00e3o Ensino, Pesquisa e Extens\u00e3o \u2013 CIC\/CEC\/CEG\/ENPOS<\/td>\n<\/tr>\n<tr>\n<td width=\"86\">24 Sexta<\/td>\n<td width=\"487\">Encerramento da Semana de Integra\u00e7\u00e3o Ensino, Pesquisa e Extens\u00e3o \u2013 CIC\/CEC\/CEG\/ENPOS<\/td>\n<\/tr>\n<tr>\n<td width=\"86\">30 Quinta<\/td>\n<td width=\"487\">Data limite para protocolar no COCEPE \u00e0s propostas de altera\u00e7\u00e3o curricular 2018\/2<\/td>\n<\/tr>\n<tr>\n<td colspan=\"2\" width=\"573\">24 Dias Letivos \u2013 02 Feriados \u2013<\/td>\n<\/tr>\n<\/tbody>\n<\/table>\n<p><strong>M\u00eas: Dezembro\/2017<\/strong><\/p>\n<table>\n<tbody>\n<tr>\n<td width=\"89\">25 Segunda<\/td>\n<td width=\"484\">Feriado: Natal<\/td>\n<\/tr>\n<tr>\n<td width=\"89\">26 Ter\u00e7a<\/td>\n<td width=\"484\">In\u00edcio do per\u00edodo de Recesso<\/td>\n<\/tr>\n<tr>\n<td colspan=\"2\" width=\"573\">\n<p>20 Dias Letivos \u2013 1 Feriado \u2013<\/p>\n<p><strong>M\u00eas: Janeiro\/2018<\/strong><\/td>\n<\/tr>\n<\/tbody>\n<\/table>\n<table>\n<tbody>\n<tr>\n<td width=\"89\">01 Segunda<\/td>\n<td width=\"484\">Feriado: Confraterniza\u00e7\u00e3o Universal<\/td>\n<\/tr>\n<tr>\n<td width=\"89\">05 Sexta<\/td>\n<td width=\"484\">Encerramento do per\u00edodo de Recesso<\/td>\n<\/tr>\n<tr>\n<td width=\"89\">06 S\u00e1bado<\/td>\n<td width=\"484\">In\u00edcio do per\u00edodo de F\u00e9rias Acad\u00eamicas<\/td>\n<\/tr>\n<tr>\n<td colspan=\"2\" width=\"573\">24 Dias Letivos \u2013 02 Feriados<\/td>\n<\/tr>\n<\/tbody>\n<\/table>\n<p><strong>M\u00eas: Fevereiro\/2018<\/strong><\/p>\n<table>\n<tbody>\n<tr>\n<td width=\"91\">02 Sexta<\/td>\n<td width=\"482\">Feriado: Nossa Senhora dos Navegantes<\/td>\n<\/tr>\n<tr>\n<td width=\"91\">03 S\u00e1bado<\/td>\n<td width=\"482\">Encerramento do per\u00edodo de F\u00e9rias Acad\u00eamicas<\/td>\n<\/tr>\n<tr>\n<td width=\"91\">05 Segunda<\/td>\n<td width=\"482\"><strong>Retomada das atividades do semestre 2017\/2<\/strong><\/td>\n<\/tr>\n<tr>\n<td width=\"91\">09 Sexta<\/td>\n<td width=\"482\">Data limite para os colegiados solicitarem aos Deptos\/C\u00e2maras de Ensino informarem as ofertas 2018\/1 aos colegiados<\/td>\n<\/tr>\n<tr>\n<td width=\"91\">16 Sexta<\/td>\n<td width=\"482\">Data limite para os Deptos\/C\u00e2maras de Ensino informarem as ofertas 2018\/1 aos colegiados<\/td>\n<\/tr>\n<tr>\n<td width=\"91\">23 Sexta<\/td>\n<td width=\"482\">Encerramento do per\u00edodo de digita\u00e7\u00e3o das ofertas 2018\/1 pelos colegiados<\/td>\n<\/tr>\n<tr>\n<td colspan=\"2\" width=\"574\">19 Dias Letivos \u2013 01 Feriado<\/td>\n<\/tr>\n<\/tbody>\n<\/table>\n<p><strong>M\u00eas: Mar\u00e7o\/2018<\/strong><\/p>\n<table>\n<tbody>\n<tr>\n<td width=\"89\">01 Quinta<\/td>\n<td width=\"484\">\u00daltimo dia para alunos regularmente matriculados solicitarem trancamento geral de matr\u00edcula para 2017\/2 na CRA<\/td>\n<\/tr>\n<tr>\n<td width=\"89\">01 Quinta<\/td>\n<td width=\"484\">Prazo final para colegiados cadastrarem prov\u00e1veis formandos 2017\/2<\/td>\n<\/tr>\n<tr>\n<td width=\"89\"><strong>01 Quinta<\/strong><\/td>\n<td width=\"484\"><strong>\u00daltimo dia letivo de 2017\/2<\/strong><\/td>\n<\/tr>\n<tr>\n<td width=\"89\">02 Sexta<\/td>\n<td width=\"484\">In\u00edcio do per\u00edodo de exames 2017\/2<\/td>\n<\/tr>\n<tr>\n<td width=\"89\">02 Sexta<\/td>\n<td width=\"484\">Data limite para os Deptos.\/C\u00e2maras confirmarem as ofertas 2018\/1<\/td>\n<\/tr>\n<tr>\n<td width=\"89\">08 Quinta<\/td>\n<td width=\"484\">Encerramento do per\u00edodo de exames 2017\/2<\/td>\n<\/tr>\n<tr>\n<td width=\"89\">12 Segunda<\/td>\n<td width=\"484\">Encerramento do per\u00edodo de digita\u00e7\u00e3o de notas 2017\/2<\/td>\n<\/tr>\n<tr>\n<td width=\"89\">12 Segunda<\/td>\n<td width=\"484\">Prazo final para entrega das folhas de notas na CRA<\/td>\n<\/tr>\n<tr>\n<td colspan=\"2\" width=\"573\">01 Dia Letivo \u2013<\/td>\n<\/tr>\n<\/tbody>\n<\/table>\n<p><strong>Total dias letivos 2017\/2= 100<\/strong><\/p>\n<p>O calend\u00e1rio completo de 2017 pode ser conferido aqui:<\/p>\n<p><a href=\"https:\/\/wp.ufpel.edu.br\/csttt\/files\/2017\/11\/Calendario-Academico-2017.docx\">Calendario-Academico-2017<\/a><\/p>\n<div><a href=\"https:\/\/wp.ufpel.edu.br\/csttt\/files\/2017\/11\/Resolucao-44.2017-COCEPE.pdf\">Resolucao-44.2017-COCEPE<\/a><\/div>\n<div><\/div>\n<div><\/div>\n<div><\/div>\n<div>\n<div>Att,<\/div>\n<div><\/div>\n<div><\/div>\n<div>A Secretaria<\/div>\n<\/div>\n<p>&nbsp;<\/p>\n","protected":false},"excerpt":{"rendered":"<p>M\u00eas: Novembro\/2017 02 Quinta Feriado: Finados 06 Segunda In\u00edcio do per\u00edodo de inscri\u00e7\u00e3o para Transfer\u00eancia, Reop\u00e7\u00e3o, Reingresso e Portador de T\u00edtulo 2018\/1 10 Sexta Encerramento do per\u00edodo de inscri\u00e7\u00e3o para Transfer\u00eancia, Reop\u00e7\u00e3o, Reingresso e Portador de T\u00edtulo 2018\/1 13 Segunda &hellip; <a href=\"https:\/\/wp.ufpel.edu.br\/csttt\/2017\/11\/20\/calendario-academico-2017\/\">Continue lendo <span class=\"meta-nav\">&rarr;<\/span><\/a><\/p>\n","protected":false},"author":259,"featured_media":0,"comment_status":"closed","ping_status":"closed","sticky":false,"template":"","format":"standard","meta":{"_jetpack_memberships_contains_paid_content":false,"footnotes":""},"categories":[18],"tags":[],"class_list":["post-1520","post","type-post","status-publish","format-standard","hentry","category-sem-categoria"],"jetpack_featured_media_url":"","jetpack_sharing_enabled":true,"_links":{"self":[{"href":"https:\/\/wp.ufpel.edu.br\/csttt\/wp-json\/wp\/v2\/posts\/1520","targetHints":{"allow":["GET"]}}],"collection":[{"href":"https:\/\/wp.ufpel.edu.br\/csttt\/wp-json\/wp\/v2\/posts"}],"about":[{"href":"https:\/\/wp.ufpel.edu.br\/csttt\/wp-json\/wp\/v2\/types\/post"}],"author":[{"embeddable":true,"href":"https:\/\/wp.ufpel.edu.br\/csttt\/wp-json\/wp\/v2\/users\/259"}],"replies":[{"embeddable":true,"href":"https:\/\/wp.ufpel.edu.br\/csttt\/wp-json\/wp\/v2\/comments?post=1520"}],"version-history":[{"count":5,"href":"https:\/\/wp.ufpel.edu.br\/csttt\/wp-json\/wp\/v2\/posts\/1520\/revisions"}],"predecessor-version":[{"id":1523,"href":"https:\/\/wp.ufpel.edu.br\/csttt\/wp-json\/wp\/v2\/posts\/1520\/revisions\/1523"}],"wp:attachment":[{"href":"https:\/\/wp.ufpel.edu.br\/csttt\/wp-json\/wp\/v2\/media?parent=1520"}],"wp:term":[{"taxonomy":"category","embeddable":true,"href":"https:\/\/wp.ufpel.edu.br\/csttt\/wp-json\/wp\/v2\/categories?post=1520"},{"taxonomy":"post_tag","embeddable":true,"href":"https:\/\/wp.ufpel.edu.br\/csttt\/wp-json\/wp\/v2\/tags?post=1520"}],"curies":[{"name":"wp","href":"https:\/\/api.w.org\/{rel}","templated":true}]}}