{"id":1511,"date":"2017-10-27T19:04:01","date_gmt":"2017-10-27T21:04:01","guid":{"rendered":"https:\/\/wp.ufpel.edu.br\/csttt\/?p=1511"},"modified":"2017-10-27T19:04:01","modified_gmt":"2017-10-27T21:04:01","slug":"abertas-as-inscricoes-para-participar-como-voluntario-no-iii-ceg","status":"publish","type":"post","link":"https:\/\/wp.ufpel.edu.br\/csttt\/2017\/10\/27\/abertas-as-inscricoes-para-participar-como-voluntario-no-iii-ceg\/","title":{"rendered":"Abertas as inscri\u00e7\u00f5es para participar como volunt\u00e1rio no III CEG"},"content":{"rendered":"<p>Est\u00e3o abertas as inscri\u00e7\u00f5es para quem quiser atuar como volunt\u00e1rio no III Congresso de Ensino de Gradua\u00e7\u00e3o.<\/p>\n<p>Para os alunos interessados em atuar como volunt\u00e1rios na atividade \u201cmonitoria\u201d, esclarecemos que os quatro turnos de apresenta\u00e7\u00f5es do III CEG ser\u00e3o: ter\u00e7a \u00e0 noite, quinta \u00e0 tarde, sexta de manh\u00e3 e sexta \u00e0 tarde.<\/p>\n<p>Para realizar sua inscri\u00e7\u00e3o, preencha o formul\u00e1rio abaixo:<\/p>\n<p><strong><a href=\"https:\/\/goo.gl\/forms\/NcfXDFG478Glvfxy2\">https:\/\/goo.gl\/forms\/NcfXDFG478Glvfxy2<\/a><\/strong><\/p>\n<p>Informamos que, caso as inscri\u00e7\u00f5es excedam o n\u00famero de vagas, os inscritos poder\u00e3o ser chamados para outras atividades.<\/p>\n<blockquote class=\"wp-embedded-content\" data-secret=\"br4KmXGeWw\"><p><a href=\"https:\/\/wp.ufpel.edu.br\/ceg\/2017\/10\/19\/abertas-as-inscricoes-para-participar-como-voluntario-no-iii-ceg\/\">Abertas as inscri\u00e7\u00f5es para participar como volunt\u00e1rio no III CEG<\/a><\/p><\/blockquote>\n<p><iframe loading=\"lazy\" class=\"wp-embedded-content\" sandbox=\"allow-scripts\" security=\"restricted\" style=\"position: absolute; clip: rect(1px, 1px, 1px, 1px);\" title=\"&#8220;Abertas as inscri\u00e7\u00f5es para participar como volunt\u00e1rio no III CEG&#8221; &#8212; IX CEG\" src=\"https:\/\/wp.ufpel.edu.br\/ceg\/2017\/10\/19\/abertas-as-inscricoes-para-participar-como-voluntario-no-iii-ceg\/embed\/#?secret=ibmdZa4j1j#?secret=br4KmXGeWw\" data-secret=\"br4KmXGeWw\" width=\"584\" height=\"329\" frameborder=\"0\" marginwidth=\"0\" marginheight=\"0\" scrolling=\"no\"><\/iframe><\/p>\n","protected":false},"excerpt":{"rendered":"<p>Est\u00e3o abertas as inscri\u00e7\u00f5es para quem quiser atuar como volunt\u00e1rio no III Congresso de Ensino de Gradua\u00e7\u00e3o. Para os alunos interessados em atuar como volunt\u00e1rios na atividade \u201cmonitoria\u201d, esclarecemos que os quatro turnos de apresenta\u00e7\u00f5es do III CEG ser\u00e3o: ter\u00e7a &hellip; <a href=\"https:\/\/wp.ufpel.edu.br\/csttt\/2017\/10\/27\/abertas-as-inscricoes-para-participar-como-voluntario-no-iii-ceg\/\">Continue lendo <span class=\"meta-nav\">&rarr;<\/span><\/a><\/p>\n","protected":false},"author":259,"featured_media":0,"comment_status":"closed","ping_status":"closed","sticky":false,"template":"","format":"standard","meta":{"_jetpack_memberships_contains_paid_content":false,"footnotes":""},"categories":[18],"tags":[],"class_list":["post-1511","post","type-post","status-publish","format-standard","hentry","category-sem-categoria"],"jetpack_featured_media_url":"","jetpack_sharing_enabled":true,"_links":{"self":[{"href":"https:\/\/wp.ufpel.edu.br\/csttt\/wp-json\/wp\/v2\/posts\/1511","targetHints":{"allow":["GET"]}}],"collection":[{"href":"https:\/\/wp.ufpel.edu.br\/csttt\/wp-json\/wp\/v2\/posts"}],"about":[{"href":"https:\/\/wp.ufpel.edu.br\/csttt\/wp-json\/wp\/v2\/types\/post"}],"author":[{"embeddable":true,"href":"https:\/\/wp.ufpel.edu.br\/csttt\/wp-json\/wp\/v2\/users\/259"}],"replies":[{"embeddable":true,"href":"https:\/\/wp.ufpel.edu.br\/csttt\/wp-json\/wp\/v2\/comments?post=1511"}],"version-history":[{"count":1,"href":"https:\/\/wp.ufpel.edu.br\/csttt\/wp-json\/wp\/v2\/posts\/1511\/revisions"}],"predecessor-version":[{"id":1512,"href":"https:\/\/wp.ufpel.edu.br\/csttt\/wp-json\/wp\/v2\/posts\/1511\/revisions\/1512"}],"wp:attachment":[{"href":"https:\/\/wp.ufpel.edu.br\/csttt\/wp-json\/wp\/v2\/media?parent=1511"}],"wp:term":[{"taxonomy":"category","embeddable":true,"href":"https:\/\/wp.ufpel.edu.br\/csttt\/wp-json\/wp\/v2\/categories?post=1511"},{"taxonomy":"post_tag","embeddable":true,"href":"https:\/\/wp.ufpel.edu.br\/csttt\/wp-json\/wp\/v2\/tags?post=1511"}],"curies":[{"name":"wp","href":"https:\/\/api.w.org\/{rel}","templated":true}]}}