{"id":1429,"date":"2017-08-07T18:12:45","date_gmt":"2017-08-07T21:12:45","guid":{"rendered":"https:\/\/wp.ufpel.edu.br\/csttt\/?p=1429"},"modified":"2017-08-07T18:12:54","modified_gmt":"2017-08-07T21:12:54","slug":"alteracoes-no-calendario-academico-20172","status":"publish","type":"post","link":"https:\/\/wp.ufpel.edu.br\/csttt\/2017\/08\/07\/alteracoes-no-calendario-academico-20172\/","title":{"rendered":"Altera\u00e7\u00f5es no Calend\u00e1rio Acad\u00eamico 2017\/2"},"content":{"rendered":"<p>Caros alunos,<\/p>\n<p>Ver nota divulgada pelo COCEPE no link abaixo:<\/p>\n<p>http:\/\/ccs2.ufpel.edu.br\/wp\/2017\/08\/04\/cocepe-altera-calendario-academico-de-agosto-veja-as-novas-datas\/<\/p>\n","protected":false},"excerpt":{"rendered":"<p>Caros alunos, Ver nota divulgada pelo COCEPE no link abaixo: http:\/\/ccs2.ufpel.edu.br\/wp\/2017\/08\/04\/cocepe-altera-calendario-academico-de-agosto-veja-as-novas-datas\/<\/p>\n","protected":false},"author":259,"featured_media":0,"comment_status":"closed","ping_status":"closed","sticky":false,"template":"","format":"standard","meta":{"_jetpack_memberships_contains_paid_content":false,"footnotes":""},"categories":[18],"tags":[],"class_list":["post-1429","post","type-post","status-publish","format-standard","hentry","category-sem-categoria"],"jetpack_featured_media_url":"","jetpack_sharing_enabled":true,"_links":{"self":[{"href":"https:\/\/wp.ufpel.edu.br\/csttt\/wp-json\/wp\/v2\/posts\/1429","targetHints":{"allow":["GET"]}}],"collection":[{"href":"https:\/\/wp.ufpel.edu.br\/csttt\/wp-json\/wp\/v2\/posts"}],"about":[{"href":"https:\/\/wp.ufpel.edu.br\/csttt\/wp-json\/wp\/v2\/types\/post"}],"author":[{"embeddable":true,"href":"https:\/\/wp.ufpel.edu.br\/csttt\/wp-json\/wp\/v2\/users\/259"}],"replies":[{"embeddable":true,"href":"https:\/\/wp.ufpel.edu.br\/csttt\/wp-json\/wp\/v2\/comments?post=1429"}],"version-history":[{"count":2,"href":"https:\/\/wp.ufpel.edu.br\/csttt\/wp-json\/wp\/v2\/posts\/1429\/revisions"}],"predecessor-version":[{"id":1431,"href":"https:\/\/wp.ufpel.edu.br\/csttt\/wp-json\/wp\/v2\/posts\/1429\/revisions\/1431"}],"wp:attachment":[{"href":"https:\/\/wp.ufpel.edu.br\/csttt\/wp-json\/wp\/v2\/media?parent=1429"}],"wp:term":[{"taxonomy":"category","embeddable":true,"href":"https:\/\/wp.ufpel.edu.br\/csttt\/wp-json\/wp\/v2\/categories?post=1429"},{"taxonomy":"post_tag","embeddable":true,"href":"https:\/\/wp.ufpel.edu.br\/csttt\/wp-json\/wp\/v2\/tags?post=1429"}],"curies":[{"name":"wp","href":"https:\/\/api.w.org\/{rel}","templated":true}]}}