{"id":1418,"date":"2017-07-10T22:55:56","date_gmt":"2017-07-11T01:55:56","guid":{"rendered":"https:\/\/wp.ufpel.edu.br\/csttt\/?p=1418"},"modified":"2017-07-10T22:55:56","modified_gmt":"2017-07-11T01:55:56","slug":"eleicao-do-coordenador-administrativo-do-cim","status":"publish","type":"post","link":"https:\/\/wp.ufpel.edu.br\/csttt\/2017\/07\/10\/eleicao-do-coordenador-administrativo-do-cim\/","title":{"rendered":"Elei\u00e7\u00e3o do Coordenador Administrativo do CIM"},"content":{"rendered":"<p>Caros alunos,<\/p>\n<p>Em conformidade com decis\u00e3o votada pelos membros do Conselho do CIM, hoje (10\/07) pela manh\u00e3, estamos dando a conhecer o edital de convoca\u00e7\u00e3o de consulta \u00e0 Comunidade Acad\u00eamica do CIM para indica\u00e7\u00e3o de Coordenador\/a Administrativo\/a, novo cargo criado por decis\u00e3o da Administra\u00e7\u00e3o Superior da UFPel.<\/p>\n<p>O Edital encontra-se em anexo. A consulta no CSTTT ser\u00e1 nesta quinta-feira, dia 13\/07, e para isso haver\u00e1 uma urna aberta para a vota\u00e7\u00e3o das 18h \u00e0s 19h e das 20h15 \u00e0s 20h45.<\/p>\n<p>Atenciosamente,<\/p>\n<p>A Coordena\u00e7\u00e3o do CSTTT<\/p>\n<p><a href=\"https:\/\/wp.ufpel.edu.br\/csttt\/files\/2017\/07\/regim-eleicao-coord-administ.pdf\">regim eleicao coord administ<\/a><\/p>\n","protected":false},"excerpt":{"rendered":"<p>Caros alunos, Em conformidade com decis\u00e3o votada pelos membros do Conselho do CIM, hoje (10\/07) pela manh\u00e3, estamos dando a conhecer o edital de convoca\u00e7\u00e3o de consulta \u00e0 Comunidade Acad\u00eamica do CIM para indica\u00e7\u00e3o de Coordenador\/a Administrativo\/a, novo cargo criado &hellip; <a href=\"https:\/\/wp.ufpel.edu.br\/csttt\/2017\/07\/10\/eleicao-do-coordenador-administrativo-do-cim\/\">Continue lendo <span class=\"meta-nav\">&rarr;<\/span><\/a><\/p>\n","protected":false},"author":259,"featured_media":0,"comment_status":"closed","ping_status":"closed","sticky":false,"template":"","format":"standard","meta":{"_jetpack_memberships_contains_paid_content":false,"footnotes":""},"categories":[18],"tags":[],"class_list":["post-1418","post","type-post","status-publish","format-standard","hentry","category-sem-categoria"],"jetpack_featured_media_url":"","jetpack_sharing_enabled":true,"_links":{"self":[{"href":"https:\/\/wp.ufpel.edu.br\/csttt\/wp-json\/wp\/v2\/posts\/1418","targetHints":{"allow":["GET"]}}],"collection":[{"href":"https:\/\/wp.ufpel.edu.br\/csttt\/wp-json\/wp\/v2\/posts"}],"about":[{"href":"https:\/\/wp.ufpel.edu.br\/csttt\/wp-json\/wp\/v2\/types\/post"}],"author":[{"embeddable":true,"href":"https:\/\/wp.ufpel.edu.br\/csttt\/wp-json\/wp\/v2\/users\/259"}],"replies":[{"embeddable":true,"href":"https:\/\/wp.ufpel.edu.br\/csttt\/wp-json\/wp\/v2\/comments?post=1418"}],"version-history":[{"count":2,"href":"https:\/\/wp.ufpel.edu.br\/csttt\/wp-json\/wp\/v2\/posts\/1418\/revisions"}],"predecessor-version":[{"id":1421,"href":"https:\/\/wp.ufpel.edu.br\/csttt\/wp-json\/wp\/v2\/posts\/1418\/revisions\/1421"}],"wp:attachment":[{"href":"https:\/\/wp.ufpel.edu.br\/csttt\/wp-json\/wp\/v2\/media?parent=1418"}],"wp:term":[{"taxonomy":"category","embeddable":true,"href":"https:\/\/wp.ufpel.edu.br\/csttt\/wp-json\/wp\/v2\/categories?post=1418"},{"taxonomy":"post_tag","embeddable":true,"href":"https:\/\/wp.ufpel.edu.br\/csttt\/wp-json\/wp\/v2\/tags?post=1418"}],"curies":[{"name":"wp","href":"https:\/\/api.w.org\/{rel}","templated":true}]}}