{"id":1412,"date":"2017-06-01T14:34:58","date_gmt":"2017-06-01T17:34:58","guid":{"rendered":"https:\/\/wp.ufpel.edu.br\/csttt\/?p=1412"},"modified":"2017-06-01T14:34:58","modified_gmt":"2017-06-01T17:34:58","slug":"cancelamento-das-aulas-nesta-quinta","status":"publish","type":"post","link":"https:\/\/wp.ufpel.edu.br\/csttt\/2017\/06\/01\/cancelamento-das-aulas-nesta-quinta\/","title":{"rendered":"Cancelamento das aulas nesta quinta"},"content":{"rendered":"<p>Prezados alunos,<\/p>\n<p>Comunicamos que est\u00e3o canceladas as aulas nesta quinta-feira, dia 01\/06\/17, devido \u00e0 impossibilidade de acesso \u00e0 E.M. C\u00f4nego Mees em fun\u00e7\u00e3o do alagamento provocado forte chuva.<\/p>\n<p>Att.<\/p>\n<p>Coordena\u00e7\u00e3o do CSTTT<\/p>\n","protected":false},"excerpt":{"rendered":"<p>Prezados alunos, Comunicamos que est\u00e3o canceladas as aulas nesta quinta-feira, dia 01\/06\/17, devido \u00e0 impossibilidade de acesso \u00e0 E.M. C\u00f4nego Mees em fun\u00e7\u00e3o do alagamento provocado forte chuva. Att. Coordena\u00e7\u00e3o do CSTTT<\/p>\n","protected":false},"author":259,"featured_media":0,"comment_status":"closed","ping_status":"closed","sticky":false,"template":"","format":"standard","meta":{"_jetpack_memberships_contains_paid_content":false,"footnotes":""},"categories":[18],"tags":[],"class_list":["post-1412","post","type-post","status-publish","format-standard","hentry","category-sem-categoria"],"jetpack_featured_media_url":"","jetpack_sharing_enabled":true,"_links":{"self":[{"href":"https:\/\/wp.ufpel.edu.br\/csttt\/wp-json\/wp\/v2\/posts\/1412","targetHints":{"allow":["GET"]}}],"collection":[{"href":"https:\/\/wp.ufpel.edu.br\/csttt\/wp-json\/wp\/v2\/posts"}],"about":[{"href":"https:\/\/wp.ufpel.edu.br\/csttt\/wp-json\/wp\/v2\/types\/post"}],"author":[{"embeddable":true,"href":"https:\/\/wp.ufpel.edu.br\/csttt\/wp-json\/wp\/v2\/users\/259"}],"replies":[{"embeddable":true,"href":"https:\/\/wp.ufpel.edu.br\/csttt\/wp-json\/wp\/v2\/comments?post=1412"}],"version-history":[{"count":1,"href":"https:\/\/wp.ufpel.edu.br\/csttt\/wp-json\/wp\/v2\/posts\/1412\/revisions"}],"predecessor-version":[{"id":1413,"href":"https:\/\/wp.ufpel.edu.br\/csttt\/wp-json\/wp\/v2\/posts\/1412\/revisions\/1413"}],"wp:attachment":[{"href":"https:\/\/wp.ufpel.edu.br\/csttt\/wp-json\/wp\/v2\/media?parent=1412"}],"wp:term":[{"taxonomy":"category","embeddable":true,"href":"https:\/\/wp.ufpel.edu.br\/csttt\/wp-json\/wp\/v2\/categories?post=1412"},{"taxonomy":"post_tag","embeddable":true,"href":"https:\/\/wp.ufpel.edu.br\/csttt\/wp-json\/wp\/v2\/tags?post=1412"}],"curies":[{"name":"wp","href":"https:\/\/api.w.org\/{rel}","templated":true}]}}