{"id":1400,"date":"2017-05-01T21:05:26","date_gmt":"2017-05-02T00:05:26","guid":{"rendered":"https:\/\/wp.ufpel.edu.br\/csttt\/?p=1400"},"modified":"2017-05-01T21:05:26","modified_gmt":"2017-05-02T00:05:26","slug":"cancelada-aula-de-calculo-e-estatistica-desta-terca","status":"publish","type":"post","link":"https:\/\/wp.ufpel.edu.br\/csttt\/2017\/05\/01\/cancelada-aula-de-calculo-e-estatistica-desta-terca\/","title":{"rendered":"Cancelada aula de C\u00e1lculo e Estat\u00edstica desta ter\u00e7a"},"content":{"rendered":"<div dir=\"auto\">Nesta ter\u00e7a, dia 02\/05, n\u00e3o \u00a0haver\u00e1 aula de C\u00e1lculo e Estat\u00edstica em fun\u00e7\u00e3o de compromisso do prof. F\u00e1bio em Pelotas.<\/div>\n","protected":false},"excerpt":{"rendered":"<p>Nesta ter\u00e7a, dia 02\/05, n\u00e3o \u00a0haver\u00e1 aula de C\u00e1lculo e Estat\u00edstica em fun\u00e7\u00e3o de compromisso do prof. F\u00e1bio em Pelotas.<\/p>\n","protected":false},"author":259,"featured_media":0,"comment_status":"closed","ping_status":"closed","sticky":false,"template":"","format":"standard","meta":{"_jetpack_memberships_contains_paid_content":false,"footnotes":""},"categories":[18],"tags":[],"class_list":["post-1400","post","type-post","status-publish","format-standard","hentry","category-sem-categoria"],"jetpack_featured_media_url":"","jetpack_sharing_enabled":true,"_links":{"self":[{"href":"https:\/\/wp.ufpel.edu.br\/csttt\/wp-json\/wp\/v2\/posts\/1400","targetHints":{"allow":["GET"]}}],"collection":[{"href":"https:\/\/wp.ufpel.edu.br\/csttt\/wp-json\/wp\/v2\/posts"}],"about":[{"href":"https:\/\/wp.ufpel.edu.br\/csttt\/wp-json\/wp\/v2\/types\/post"}],"author":[{"embeddable":true,"href":"https:\/\/wp.ufpel.edu.br\/csttt\/wp-json\/wp\/v2\/users\/259"}],"replies":[{"embeddable":true,"href":"https:\/\/wp.ufpel.edu.br\/csttt\/wp-json\/wp\/v2\/comments?post=1400"}],"version-history":[{"count":1,"href":"https:\/\/wp.ufpel.edu.br\/csttt\/wp-json\/wp\/v2\/posts\/1400\/revisions"}],"predecessor-version":[{"id":1401,"href":"https:\/\/wp.ufpel.edu.br\/csttt\/wp-json\/wp\/v2\/posts\/1400\/revisions\/1401"}],"wp:attachment":[{"href":"https:\/\/wp.ufpel.edu.br\/csttt\/wp-json\/wp\/v2\/media?parent=1400"}],"wp:term":[{"taxonomy":"category","embeddable":true,"href":"https:\/\/wp.ufpel.edu.br\/csttt\/wp-json\/wp\/v2\/categories?post=1400"},{"taxonomy":"post_tag","embeddable":true,"href":"https:\/\/wp.ufpel.edu.br\/csttt\/wp-json\/wp\/v2\/tags?post=1400"}],"curies":[{"name":"wp","href":"https:\/\/api.w.org\/{rel}","templated":true}]}}