{"id":789,"date":"2020-11-23T10:25:56","date_gmt":"2020-11-23T13:25:56","guid":{"rendered":"https:\/\/wp.ufpel.edu.br\/criticamusical\/?p=789"},"modified":"2020-11-23T10:25:56","modified_gmt":"2020-11-23T13:25:56","slug":"inscricoes-e-transmissoes-do-iv-simc","status":"publish","type":"post","link":"https:\/\/wp.ufpel.edu.br\/criticamusical\/2020\/11\/23\/inscricoes-e-transmissoes-do-iv-simc\/","title":{"rendered":"Inscri\u00e7\u00f5es e transmiss\u00f5es do IV SIMC"},"content":{"rendered":"<p>Daqui a pouco ter\u00e1 in\u00edcio o IV Simp\u00f3sio Internacional M\u00fasica e Cr\u00edtica. Para voc\u00ea que ainda n\u00e3o se inscreveu, as inscri\u00e7\u00f5es est\u00e3o abertas, s\u00e3o gratuitas e o formul\u00e1rio encontra-se no endere\u00e7o: <a class=\"oajrlxb2 g5ia77u1 qu0x051f esr5mh6w e9989ue4 r7d6kgcz rq0escxv nhd2j8a9 nc684nl6 p7hjln8o kvgmc6g5 cxmmr5t8 oygrvhab hcukyx3x jb3vyjys rz4wbd8a qt6c0cv9 a8nywdso i1ao9s8h esuyzwwr f1sip0of lzcic4wl py34i1dx gpro0wi8\" role=\"link\" href=\"https:\/\/forms.gle\/gYSJTYtQg1M1SBKn9?fbclid=IwAR0XkcVjcyap-cuDKstfuCFlNpPAB2EDJEvhUx7FziX4Aq-s6uF_A1ovtNc\" target=\"_blank\" rel=\"nofollow noopener noreferrer\">https:\/\/forms.gle\/gYSJTYtQg1M1SBKn9<\/a><\/p>\n<div dir=\"auto\">Este ano o evento ser\u00e1 realizado de maneira remota, com transmiss\u00e3o no Youtube pelo canal: <a class=\"oajrlxb2 g5ia77u1 qu0x051f esr5mh6w e9989ue4 r7d6kgcz rq0escxv nhd2j8a9 nc684nl6 p7hjln8o kvgmc6g5 cxmmr5t8 oygrvhab hcukyx3x jb3vyjys rz4wbd8a qt6c0cv9 a8nywdso i1ao9s8h esuyzwwr f1sip0of lzcic4wl py34i1dx gpro0wi8\" role=\"link\" href=\"https:\/\/www.youtube.com\/channel\/UC3aODRtuYuOYUMn4uvePqeg?fbclid=IwAR1xAPNywz0196P7yOzlqX0VCLcpV61xSxWeMw0O9xnG2kNiMkGrIkn5zDo\" target=\"_blank\" rel=\"nofollow noopener noreferrer\">https:\/\/www.youtube.com\/channel\/UC3aODRtuYuOYUMn4uvePqeg<\/a><br \/>\nInscreva-se no nosso canal Youtube e receba as notifica\u00e7\u00f5es para acompanhar as palestras e comunica\u00e7\u00f5es.<\/div>\n","protected":false},"excerpt":{"rendered":"<p>Daqui a pouco ter\u00e1 in\u00edcio o IV Simp\u00f3sio Internacional M\u00fasica e Cr\u00edtica. Para voc\u00ea que ainda n\u00e3o se inscreveu, as inscri\u00e7\u00f5es est\u00e3o abertas, s\u00e3o gratuitas e o formul\u00e1rio encontra-se no endere\u00e7o: https:\/\/forms.gle\/gYSJTYtQg1M1SBKn9 Este ano o evento ser\u00e1 realizado de maneira remota, com transmiss\u00e3o no Youtube pelo canal: https:\/\/www.youtube.com\/channel\/UC3aODRtuYuOYUMn4uvePqeg Inscreva-se no nosso canal Youtube e receba [&hellip;]<\/p>\n","protected":false},"author":893,"featured_media":0,"comment_status":"closed","ping_status":"closed","sticky":false,"template":"","format":"standard","meta":{"_jetpack_memberships_contains_paid_content":false,"footnotes":""},"categories":[1],"tags":[],"class_list":["post-789","post","type-post","status-publish","format-standard","hentry","category-noticias"],"jetpack_featured_media_url":"","jetpack_likes_enabled":true,"jetpack_sharing_enabled":true,"_links":{"self":[{"href":"https:\/\/wp.ufpel.edu.br\/criticamusical\/wp-json\/wp\/v2\/posts\/789","targetHints":{"allow":["GET"]}}],"collection":[{"href":"https:\/\/wp.ufpel.edu.br\/criticamusical\/wp-json\/wp\/v2\/posts"}],"about":[{"href":"https:\/\/wp.ufpel.edu.br\/criticamusical\/wp-json\/wp\/v2\/types\/post"}],"author":[{"embeddable":true,"href":"https:\/\/wp.ufpel.edu.br\/criticamusical\/wp-json\/wp\/v2\/users\/893"}],"replies":[{"embeddable":true,"href":"https:\/\/wp.ufpel.edu.br\/criticamusical\/wp-json\/wp\/v2\/comments?post=789"}],"version-history":[{"count":1,"href":"https:\/\/wp.ufpel.edu.br\/criticamusical\/wp-json\/wp\/v2\/posts\/789\/revisions"}],"predecessor-version":[{"id":791,"href":"https:\/\/wp.ufpel.edu.br\/criticamusical\/wp-json\/wp\/v2\/posts\/789\/revisions\/791"}],"wp:attachment":[{"href":"https:\/\/wp.ufpel.edu.br\/criticamusical\/wp-json\/wp\/v2\/media?parent=789"}],"wp:term":[{"taxonomy":"category","embeddable":true,"href":"https:\/\/wp.ufpel.edu.br\/criticamusical\/wp-json\/wp\/v2\/categories?post=789"},{"taxonomy":"post_tag","embeddable":true,"href":"https:\/\/wp.ufpel.edu.br\/criticamusical\/wp-json\/wp\/v2\/tags?post=789"}],"curies":[{"name":"wp","href":"https:\/\/api.w.org\/{rel}","templated":true}]}}