{"id":1133,"date":"2022-11-06T08:28:50","date_gmt":"2022-11-06T11:28:50","guid":{"rendered":"https:\/\/wp.ufpel.edu.br\/criticamusical\/?p=1133"},"modified":"2022-11-06T08:38:25","modified_gmt":"2022-11-06T11:38:25","slug":"1133","status":"publish","type":"post","link":"https:\/\/wp.ufpel.edu.br\/criticamusical\/2022\/11\/06\/1133\/","title":{"rendered":"VI Simp\u00f3sio Internacional M\u00fasica e Cr\u00edtica"},"content":{"rendered":"<div id=\"attachment_1127\" style=\"width: 734px\" class=\"wp-caption aligncenter\"><img aria-describedby=\"caption-attachment-1127\" class=\"wp-image-1127 size-large\" src=\"https:\/\/wp.ufpel.edu.br\/criticamusical\/files\/2022\/11\/VI-Simposio-Internacional-Musica-e-Critica-3-724x1024.png\" alt=\"\" width=\"724\" height=\"1024\" srcset=\"https:\/\/wp.ufpel.edu.br\/criticamusical\/files\/2022\/11\/VI-Simposio-Internacional-Musica-e-Critica-3-724x1024.png 724w, https:\/\/wp.ufpel.edu.br\/criticamusical\/files\/2022\/11\/VI-Simposio-Internacional-Musica-e-Critica-3-283x400.png 283w, https:\/\/wp.ufpel.edu.br\/criticamusical\/files\/2022\/11\/VI-Simposio-Internacional-Musica-e-Critica-3-768x1086.png 768w, https:\/\/wp.ufpel.edu.br\/criticamusical\/files\/2022\/11\/VI-Simposio-Internacional-Musica-e-Critica-3-1086x1536.png 1086w, https:\/\/wp.ufpel.edu.br\/criticamusical\/files\/2022\/11\/VI-Simposio-Internacional-Musica-e-Critica-3.png 1414w\" sizes=\"(max-width: 724px) 100vw, 724px\" \/><p id=\"caption-attachment-1127\" class=\"wp-caption-text\">Arte: Rebeca Klippel Brehm. (charge de Belmonte, publicada na D. Quixote, em 1 de Mar\u00e7o de 1922, p.17, em alus\u00e3o \u00e0 Semana de Arte Moderna)<span style=\"font-size: 16px;\">.<\/span><\/p><\/div>\n","protected":false},"excerpt":{"rendered":"","protected":false},"author":893,"featured_media":0,"comment_status":"closed","ping_status":"closed","sticky":false,"template":"","format":"standard","meta":{"_jetpack_memberships_contains_paid_content":false,"footnotes":""},"categories":[1],"tags":[],"class_list":["post-1133","post","type-post","status-publish","format-standard","hentry","category-noticias"],"jetpack_featured_media_url":"","jetpack_likes_enabled":true,"jetpack_sharing_enabled":true,"_links":{"self":[{"href":"https:\/\/wp.ufpel.edu.br\/criticamusical\/wp-json\/wp\/v2\/posts\/1133","targetHints":{"allow":["GET"]}}],"collection":[{"href":"https:\/\/wp.ufpel.edu.br\/criticamusical\/wp-json\/wp\/v2\/posts"}],"about":[{"href":"https:\/\/wp.ufpel.edu.br\/criticamusical\/wp-json\/wp\/v2\/types\/post"}],"author":[{"embeddable":true,"href":"https:\/\/wp.ufpel.edu.br\/criticamusical\/wp-json\/wp\/v2\/users\/893"}],"replies":[{"embeddable":true,"href":"https:\/\/wp.ufpel.edu.br\/criticamusical\/wp-json\/wp\/v2\/comments?post=1133"}],"version-history":[{"count":4,"href":"https:\/\/wp.ufpel.edu.br\/criticamusical\/wp-json\/wp\/v2\/posts\/1133\/revisions"}],"predecessor-version":[{"id":1138,"href":"https:\/\/wp.ufpel.edu.br\/criticamusical\/wp-json\/wp\/v2\/posts\/1133\/revisions\/1138"}],"wp:attachment":[{"href":"https:\/\/wp.ufpel.edu.br\/criticamusical\/wp-json\/wp\/v2\/media?parent=1133"}],"wp:term":[{"taxonomy":"category","embeddable":true,"href":"https:\/\/wp.ufpel.edu.br\/criticamusical\/wp-json\/wp\/v2\/categories?post=1133"},{"taxonomy":"post_tag","embeddable":true,"href":"https:\/\/wp.ufpel.edu.br\/criticamusical\/wp-json\/wp\/v2\/tags?post=1133"}],"curies":[{"name":"wp","href":"https:\/\/api.w.org\/{rel}","templated":true}]}}