{"id":9906,"date":"2019-08-22T11:19:58","date_gmt":"2019-08-22T14:19:58","guid":{"rendered":"https:\/\/wp.ufpel.edu.br\/crinter\/?p=9906"},"modified":"2019-08-23T17:07:24","modified_gmt":"2019-08-23T20:07:24","slug":"resultado-bolsas-mobilidade-2","status":"publish","type":"post","link":"https:\/\/wp.ufpel.edu.br\/crinter\/2019\/08\/22\/resultado-bolsas-mobilidade-2\/","title":{"rendered":"RESULTADO BOLSAS MOBILIDADE","gt_translate_keys":[{"key":"rendered","format":"text"}]},"content":{"rendered":"<p>A ata da sele\u00e7\u00e3o encontra-se na CRInter \u00e0 disposi\u00e7\u00e3o dos interessados.<\/p>\n<p>O prazo de recurso est\u00e1 aberto a partir das 11h30 de hoje (22\/08\/2019) e encerra-se no mesmo hor\u00e1rio no dia de amanh\u00e3 (23\/08\/2019)<\/p>\n<p>Os alunos selecionados devem AGUARDAR pois ser\u00e3o contatados nos pr\u00f3ximos dias.<\/p>\n<p><strong>Selecionados no Edital n. 08\/2019:<\/strong><\/p>\n<p><strong>UDCA<\/strong><\/p>\n<p>1\u00ba: Eriovan Toledo de Moraes<\/p>\n<p>2\u00ba: Lu\u00edsa Victoria da Silva Vareira<\/p>\n<p><strong>IPB<\/strong><\/p>\n<p>1\u00ba: Stefani Curth Goulart<\/p>\n<p>2\u00ba: Caroline Castanha Lemos<\/p>\n<p>Suplente: Pedro da Costa Rizzolo<\/p>\n<p><strong>SANTANDER<\/strong><\/p>\n<p>1\u00ba: Stela Soares Kubiaki<\/p>\n<p>2\u00ba: Valter Andr\u00e9 Minho Junior<\/p>\n<p>3\u00ba: Brenda Seneme Gobbi<\/p>\n<p>Suplente: Emmanuelle Schiavon Melgarejo<\/p>\n<p>&nbsp;<\/p>\n","protected":false,"gt_translate_keys":[{"key":"rendered","format":"html"}]},"excerpt":{"rendered":"<p>A ata da sele\u00e7\u00e3o encontra-se na CRInter \u00e0 disposi\u00e7\u00e3o dos interessados. O prazo de recurso est\u00e1 aberto a partir das 11h30 de hoje (22\/08\/2019) e encerra-se no mesmo hor\u00e1rio no dia de amanh\u00e3 (23\/08\/2019) Os alunos selecionados devem AGUARDAR pois ser\u00e3o contatados nos pr\u00f3ximos dias. Selecionados no Edital n. 08\/2019: UDCA 1\u00ba: Eriovan Toledo de &hellip; <\/p>\n<p><a class=\"more-link btn\" href=\"https:\/\/wp.ufpel.edu.br\/crinter\/2019\/08\/22\/resultado-bolsas-mobilidade-2\/\">Continue lendo<\/a><\/p>\n","protected":false,"gt_translate_keys":[{"key":"rendered","format":"html"}]},"author":290,"featured_media":9913,"comment_status":"closed","ping_status":"closed","sticky":false,"template":"","format":"standard","meta":{"_jetpack_memberships_contains_paid_content":false,"footnotes":""},"categories":[18],"tags":[],"class_list":["post-9906","post","type-post","status-publish","format-standard","has-post-thumbnail","hentry","category-sem-categoria","item-wrap"],"jetpack_featured_media_url":"https:\/\/i0.wp.com\/wp.ufpel.edu.br\/crinter\/files\/2019\/08\/education-abroad.jpg?fit=1200%2C800&ssl=1","jetpack_shortlink":"https:\/\/wp.me\/p7cVVJ-2zM","jetpack_likes_enabled":true,"jetpack_sharing_enabled":true,"gt_translate_keys":[{"key":"link","format":"url"}],"_links":{"self":[{"href":"https:\/\/wp.ufpel.edu.br\/crinter\/wp-json\/wp\/v2\/posts\/9906","targetHints":{"allow":["GET"]}}],"collection":[{"href":"https:\/\/wp.ufpel.edu.br\/crinter\/wp-json\/wp\/v2\/posts"}],"about":[{"href":"https:\/\/wp.ufpel.edu.br\/crinter\/wp-json\/wp\/v2\/types\/post"}],"author":[{"embeddable":true,"href":"https:\/\/wp.ufpel.edu.br\/crinter\/wp-json\/wp\/v2\/users\/290"}],"replies":[{"embeddable":true,"href":"https:\/\/wp.ufpel.edu.br\/crinter\/wp-json\/wp\/v2\/comments?post=9906"}],"version-history":[{"count":2,"href":"https:\/\/wp.ufpel.edu.br\/crinter\/wp-json\/wp\/v2\/posts\/9906\/revisions"}],"predecessor-version":[{"id":9914,"href":"https:\/\/wp.ufpel.edu.br\/crinter\/wp-json\/wp\/v2\/posts\/9906\/revisions\/9914"}],"wp:featuredmedia":[{"embeddable":true,"href":"https:\/\/wp.ufpel.edu.br\/crinter\/wp-json\/wp\/v2\/media\/9913"}],"wp:attachment":[{"href":"https:\/\/wp.ufpel.edu.br\/crinter\/wp-json\/wp\/v2\/media?parent=9906"}],"wp:term":[{"taxonomy":"category","embeddable":true,"href":"https:\/\/wp.ufpel.edu.br\/crinter\/wp-json\/wp\/v2\/categories?post=9906"},{"taxonomy":"post_tag","embeddable":true,"href":"https:\/\/wp.ufpel.edu.br\/crinter\/wp-json\/wp\/v2\/tags?post=9906"}],"curies":[{"name":"wp","href":"https:\/\/api.w.org\/{rel}","templated":true}]}}