{"id":9609,"date":"2019-05-31T16:25:53","date_gmt":"2019-05-31T19:25:53","guid":{"rendered":"https:\/\/wp.ufpel.edu.br\/crinter\/?p=9609"},"modified":"2019-05-31T16:25:53","modified_gmt":"2019-05-31T19:25:53","slug":"bolsa-para-mestrado-em-economia-e-ciencia-do-cafe-na-italia","status":"publish","type":"post","link":"https:\/\/wp.ufpel.edu.br\/crinter\/2019\/05\/31\/bolsa-para-mestrado-em-economia-e-ciencia-do-cafe-na-italia\/","title":{"rendered":"Bolsa para mestrado em economia e ci\u00eancia do caf\u00e9 na It\u00e1lia","gt_translate_keys":[{"key":"rendered","format":"text"}]},"content":{"rendered":"<p>O <em>International Master in Coffee Economics and Science Ernesto Illy<\/em>\u00a0\u00e9 um\u00a0<strong>mestrado em economia e ci\u00eancia do caf\u00e9<\/strong>. O curso \u00e9 oferecido por um grupo de grandes institui\u00e7\u00f5es, entre elas a Universit\u00e0 Del Caff\u00e8 da illycaff\u00e8 e a Universidade de Trieste.<\/p>\n<p>O curso \u00e9 voltado a profissionais graduados em economia, administra\u00e7\u00e3o, agronomia ou outras \u00e1reas afins. Um dos requisitos \u00e9 possuir um forte envolvimento profissional com o caf\u00e9. O objetivo principal do curso \u00e9 oferecer uma forma\u00e7\u00e3o multidisciplinar sobre o mundo do caf\u00e9. O mestrado aborda, portanto, todo o ciclo produtivo desde o cultivo at\u00e9 a log\u00edstica, o processo de industrializa\u00e7\u00e3o e os servi\u00e7os de alimenta\u00e7\u00e3o. As disciplinas s\u00e3o divididas em tr\u00eas \u00e1reas:\u00a0<a href=\"https:\/\/partiuintercambio.org\/?s=economia\" target=\"_blank\" rel=\"noopener noreferrer\">Economia<\/a>\u2013<a href=\"https:\/\/partiuintercambio.org\/?s=administracao\" target=\"_blank\" rel=\"noopener noreferrer\">Administra\u00e7\u00e3o<\/a>,\u00a0<a href=\"https:\/\/partiuintercambio.org\/?s=biologia\" target=\"_blank\" rel=\"noopener noreferrer\">Biologia<\/a>\u2013<a href=\"https:\/\/partiuintercambio.org\/?s=agronomia\" target=\"_blank\" rel=\"noopener noreferrer\">Agronomia<\/a> e Tecnologia.<\/p>\n<h2>Como \u00e9 o mestrado em economia do Caf\u00e9 na It\u00e1lia<\/h2>\n<p>O mestrado em economia e ci\u00eancia do caf\u00e9 tem dura\u00e7\u00e3o de 400 horas e aulas intensivas em 12 m\u00f3dulos e 60 cr\u00e9ditos. As aulas s\u00e3o em ingl\u00eas, duram cinco meses e s\u00e3o ministradas nas depend\u00eancias da Illycaff\u00e8 em Trieste, na It\u00e1lia. A pr\u00f3xima edi\u00e7\u00e3o do curso ser\u00e1 realizada entre janeiro e junho de 2020.<\/p>\n<h2>A bolsa para mestrado em economia e ci\u00eancia do caf\u00e9<\/h2>\n<p>Um curso t\u00e3o espec\u00edfico obviamente n\u00e3o \u00e9 nada barato: 15 mil euros. No entanto, a Funda\u00e7\u00e3o Ernesto Illy oferece algumas bolsas para cobrir custos totais ou parciais do programa para alunos de pa\u00edses com forte produ\u00e7\u00e3o de caf\u00e9. Assim, pelo menos, uma bolsa integral para o mestrado em economia e ci\u00eancia do caf\u00e9 ser\u00e1 destinada a um estudante brasileiro.<\/p>\n<p>A sele\u00e7\u00e3o para a bolsa ser\u00e1 realizada pela institui\u00e7\u00e3o com o apoio da Universidade do Caf\u00e9 Brasil. Os requisitos para se candidatar ao aux\u00edlio financeiro s\u00e3o:<\/p>\n<ul>\n<li>Ter um excelente desempenho acad\u00eamico;<\/li>\n<li>Possuir envolvimento profissional com atividades cafeeiras e interesse em se desenvolver nessa \u00e1rea;<\/li>\n<li>Ser\u00a0<a href=\"https:\/\/partiuintercambio.org\/ingles-fluente-sem-intercambio\/\" target=\"_blank\" rel=\"noopener noreferrer\">fluente em ingl\u00eas<\/a>;<\/li>\n<li>N\u00e3o \u00e9 pr\u00e9-requisito, mas ser\u00e1 dada prefer\u00eancia a candidatos que n\u00e3o tenha feito outra p\u00f3s-gradua\u00e7\u00e3o.<\/li>\n<\/ul>\n<p>Para concorrer \u00e0 bolsa, \u00e9 necess\u00e1rio enviar uma\u00a0<a href=\"https:\/\/partiuintercambio.org\/como-fazer-uma-carta-de-motivacao\/\" target=\"_blank\" rel=\"noopener noreferrer\">carta de motiva\u00e7\u00e3o<\/a>\u00a0(explicando interesse e motiva\u00e7\u00e3o) e um curr\u00edculo resumido (m\u00e1x. 3 p\u00e1ginas com foto) at\u00e9 o dia 15 de junho. Os documentos devem ser em ingl\u00eas e o candidato deve envi\u00e1-los por email para\u00a0<a href=\"mailto:universidadedocafe@pensa.org.br\" target=\"_blank\" rel=\"noopener noreferrer\">universidadedocafe@pensa.org.br<\/a>.<\/p>\n<p>Se tiver alguma d\u00favida sobre a bolsa, voc\u00ea pode escrever para esse mesmo email ou ligar para (11) 3818-4005. Para informa\u00e7\u00f5es adicionais sobre o curso, \u00e9 poss\u00edvel escrever para\u00a0<a href=\"mailto:master@illy.com\" target=\"_blank\" rel=\"noopener noreferrer\">master@illy.com<\/a>.<\/p>\n<p><a href=\"http:\/\/universidadedocafe.com\/noticias\/inscricoes-abertas-para-o-international-masters-in-coffee-economics-and-science-2020\/\" target=\"_blank\" rel=\"noopener noreferrer\">Saiba mais sobre a bolsa e a sele\u00e7\u00e3o<\/a><br \/>\n<a href=\"http:\/\/www.fondazionernestoilly.org\/en_US\/lattivita\/progetti-di-formazione\/master-economia-e-scienze-del-caffe\/\" target=\"_blank\" rel=\"noopener noreferrer\">Acesse a p\u00e1gina oficial do mestrado<\/a><br \/>\n<a href=\"http:\/\/www.fondazionernestoilly.org\/wp-content\/uploads\/Master-in-Coffee-Economics-and-Science-Didactic-program.pdf\" target=\"_blank\" rel=\"noopener noreferrer\">Veja o programa did\u00e1tico do curso<\/a><\/p>\n<p>FONTE: https:\/\/partiuintercambio.org\/bolsas-de-estudo\/bolsa-para-mestrado-em-economia-e-ciencia-cafe-na-italia\/<\/p>\n","protected":false,"gt_translate_keys":[{"key":"rendered","format":"html"}]},"excerpt":{"rendered":"<p>O International Master in Coffee Economics and Science Ernesto Illy\u00a0\u00e9 um\u00a0mestrado em economia e ci\u00eancia do caf\u00e9. O curso \u00e9 oferecido por um grupo de grandes institui\u00e7\u00f5es, entre elas a Universit\u00e0 Del Caff\u00e8 da illycaff\u00e8 e a Universidade de Trieste. O curso \u00e9 voltado a profissionais graduados em economia, administra\u00e7\u00e3o, agronomia ou outras \u00e1reas afins. &hellip; <\/p>\n<p><a class=\"more-link btn\" href=\"https:\/\/wp.ufpel.edu.br\/crinter\/2019\/05\/31\/bolsa-para-mestrado-em-economia-e-ciencia-do-cafe-na-italia\/\">Continue lendo<\/a><\/p>\n","protected":false,"gt_translate_keys":[{"key":"rendered","format":"html"}]},"author":290,"featured_media":9613,"comment_status":"closed","ping_status":"closed","sticky":false,"template":"","format":"standard","meta":{"_jetpack_memberships_contains_paid_content":false,"footnotes":""},"categories":[23508],"tags":[],"class_list":["post-9609","post","type-post","status-publish","format-standard","has-post-thumbnail","hentry","category-oportunidades","item-wrap"],"jetpack_featured_media_url":"https:\/\/i0.wp.com\/wp.ufpel.edu.br\/crinter\/files\/2019\/05\/Press_Coffee-101_Brewing.jpg?fit=2160%2C1436&ssl=1","jetpack_shortlink":"https:\/\/wp.me\/p7cVVJ-2uZ","jetpack_likes_enabled":true,"jetpack_sharing_enabled":true,"gt_translate_keys":[{"key":"link","format":"url"}],"_links":{"self":[{"href":"https:\/\/wp.ufpel.edu.br\/crinter\/wp-json\/wp\/v2\/posts\/9609","targetHints":{"allow":["GET"]}}],"collection":[{"href":"https:\/\/wp.ufpel.edu.br\/crinter\/wp-json\/wp\/v2\/posts"}],"about":[{"href":"https:\/\/wp.ufpel.edu.br\/crinter\/wp-json\/wp\/v2\/types\/post"}],"author":[{"embeddable":true,"href":"https:\/\/wp.ufpel.edu.br\/crinter\/wp-json\/wp\/v2\/users\/290"}],"replies":[{"embeddable":true,"href":"https:\/\/wp.ufpel.edu.br\/crinter\/wp-json\/wp\/v2\/comments?post=9609"}],"version-history":[{"count":1,"href":"https:\/\/wp.ufpel.edu.br\/crinter\/wp-json\/wp\/v2\/posts\/9609\/revisions"}],"predecessor-version":[{"id":9614,"href":"https:\/\/wp.ufpel.edu.br\/crinter\/wp-json\/wp\/v2\/posts\/9609\/revisions\/9614"}],"wp:featuredmedia":[{"embeddable":true,"href":"https:\/\/wp.ufpel.edu.br\/crinter\/wp-json\/wp\/v2\/media\/9613"}],"wp:attachment":[{"href":"https:\/\/wp.ufpel.edu.br\/crinter\/wp-json\/wp\/v2\/media?parent=9609"}],"wp:term":[{"taxonomy":"category","embeddable":true,"href":"https:\/\/wp.ufpel.edu.br\/crinter\/wp-json\/wp\/v2\/categories?post=9609"},{"taxonomy":"post_tag","embeddable":true,"href":"https:\/\/wp.ufpel.edu.br\/crinter\/wp-json\/wp\/v2\/tags?post=9609"}],"curies":[{"name":"wp","href":"https:\/\/api.w.org\/{rel}","templated":true}]}}