{"id":9242,"date":"2019-03-29T18:06:23","date_gmt":"2019-03-29T21:06:23","guid":{"rendered":"https:\/\/wp.ufpel.edu.br\/crinter\/?p=9242"},"modified":"2019-03-29T18:06:23","modified_gmt":"2019-03-29T21:06:23","slug":"turin-school-oferece-bolsas-para-curso-de-verao-na-italia-2","status":"publish","type":"post","link":"https:\/\/wp.ufpel.edu.br\/crinter\/2019\/03\/29\/turin-school-oferece-bolsas-para-curso-de-verao-na-italia-2\/","title":{"rendered":"Turin School oferece bolsas para curso de ver\u00e3o na It\u00e1lia","gt_translate_keys":[{"key":"rendered","format":"text"}]},"content":{"rendered":"<p>A\u00a0<em>Turin School of Local Regulation<\/em>\u00a0est\u00e1 recebendo at\u00e9 o dia 3 de junho candidaturas para bolsas para curso de ver\u00e3o na It\u00e1lia. Ser\u00e3o duas semanas de imers\u00e3o total em Turin, no norte do pa\u00eds, entre os dias 2 e 13 de setembro.<\/p>\n<p>As bolsas para o curso de ver\u00e3o na It\u00e1lia s\u00e3o voltadas para estudantes da\u00a0<a href=\"https:\/\/partiuintercambio.org\/bolsas-categorias\/graduacao\/\" target=\"_blank\" rel=\"noopener noreferrer\">gradua\u00e7\u00e3o<\/a>\u00a0que estejam no \u00faltimo ano e estudantes de\u00a0<a href=\"https:\/\/partiuintercambio.org\/bolsas-categorias\/mestrado\/\" target=\"_blank\" rel=\"noopener noreferrer\">p\u00f3s-gradua\u00e7\u00e3o<\/a>. Tamb\u00e9m podem se candidatar funcion\u00e1rios da Administra\u00e7\u00e3o P\u00fablica (de munic\u00edpios, estados ou \u00f3rg\u00e3os regionais) e de ag\u00eancias reguladoras.<\/p>\n<p>O curso prop\u00f5e um estudo aprofundado sobre alguns dos temas mais relevantes no\u00a0<strong>\u00e2mbito de regula\u00e7\u00e3o, tarifas e administra\u00e7\u00e3o de servi\u00e7os p\u00fablicos locais, relacionados ou n\u00e3o ao meio ambiente<\/strong>. Ele \u00e9 organizado em tr\u00eas partes:<\/p>\n<ul>\n<li>Parte 1: Dedicada \u00e0 teoria, aos modelos econ\u00f4micos e aos instrumentos anal\u00edticos para a regula\u00e7\u00e3o local;<\/li>\n<li>Parte 2: Inclui a an\u00e1lise setorial dos principais servi\u00e7os p\u00fablicos locais (por exemplo, ciclo da \u00e1gua e o lixo urbano), estudos de casos e aulas com professores convidados;<\/li>\n<li>Parte 3: Oferece visitas de campo e experi\u00eancias pr\u00e1ticas; elabora\u00e7\u00e3o de um relat\u00f3rio final por parte dos estudantes.<\/li>\n<\/ul>\n<h2>Como s\u00e3o as bolsas para curso de ver\u00e3o na It\u00e1lia<\/h2>\n<p>O programa oferece<strong>\u00a0o curso, al\u00e9m da isen\u00e7\u00e3o da taxa de inscri\u00e7\u00e3o e de acomoda\u00e7\u00e3o gratuita para brasileiros<\/strong>. A bolsa isenta o candidato do pagamento da taxa de inscri\u00e7\u00e3o, por\u00e9m, em caso de aprova\u00e7\u00e3o, essa taxa (no valor de 150 euros) dever\u00e1 ser depositada e, ao final do curso, ser\u00e1 totalmente restitu\u00edda.<\/p>\n<p>A\u00a0<a href=\"http:\/\/turinschool.eu\/free-accommodation\" target=\"_blank\" rel=\"noopener noreferrer\">acomoda\u00e7\u00e3o oferecida pela institui\u00e7\u00e3o<\/a> \u00e9 um quarto individual no Col\u00e9gio Einaudi, localizado no centro de Turim. As depend\u00eancias do Col\u00e9gio foram reformadas em 2014 e todos os quartos possuem banheiro privado com chuveiro, internet gr\u00e1tis, len\u00e7\u00f3is e toalhas. Servi\u00e7os para lavanderia s\u00e3o oferecidos no jardim e cada andar possui a sua pr\u00f3pria cozinha coletiva.<\/p>\n<p>A bolsa n\u00e3o inclui outras despesas, como passagem a\u00e9rea, transporte e alimenta\u00e7\u00e3o, mas o estudante ter\u00e1 acesso \u00e0 Cantina do Col\u00e9gio Einaudi, que oferece refei\u00e7\u00f5es a pre\u00e7os reduzidos.<\/p>\n<h2>Inscri\u00e7\u00f5es e processo seletivo<\/h2>\n<p>As inscri\u00e7\u00f5es para as bolsas para curso de ver\u00e3o na It\u00e1lia s\u00e3o feitas no site do curso. O candidato dever\u00e1 preencher um formul\u00e1rio em ingl\u00eas com suas informa\u00e7\u00f5es pessoais e acad\u00eamicas e\/ou profissionais, declarando, entre outras coisas, o seu n\u00edvel de conhecimento da l\u00edngua inglesa e do Microsoft Excel.<\/p>\n<p>Al\u00e9m disso, ele ter\u00e1 de produzir um pequeno texto de no m\u00e1ximo 100 palavras respondendo \u00e0 pergunta:<strong>\u00a0\u201cPor que o Comit\u00ea de Sele\u00e7\u00e3o deveria selecionar voc\u00ea para bolsa para curso de ver\u00e3o na It\u00e1lia?\u201d<\/strong>. Deve ser anexado \u00e0 candidatura o curr\u00edculo em ingl\u00eas atualizado.<\/p>\n<p>A\u00a0sele\u00e7\u00e3o para as bolsas para curso de ver\u00e3o na It\u00e1lia se dar\u00e1 com base em tr\u00eas crit\u00e9rios principais:<\/p>\n<ul>\n<li>Relev\u00e2ncia da \u00e1rea de estudos e da experi\u00eancia profissional (ou do atual emprego) do candidato para os temas tratados no programa;<\/li>\n<li>Distribui\u00e7\u00e3o geogr\u00e1fica balanceada dos candidatos selecionados (entre membros e n\u00e3o membros da Organiza\u00e7\u00e3o para a Coopera\u00e7\u00e3o e\u00a0<a href=\"https:\/\/partiuintercambio.org\/bolsas-de-estudo\/bolsa-para-mestrado-em-estudos-de-desenvolvimento\/\" target=\"_blank\" rel=\"noopener noreferrer\">Desenvolvimento Econ\u00f4mico<\/a>; distribui\u00e7\u00e3o por continente; inclus\u00e3o de candidatos oriundos de pa\u00edses n\u00e3o representados nas edi\u00e7\u00f5es anteriores do curso);<br \/>\nDistribui\u00e7\u00e3o balanceada quanto \u00e0s \u00e1reas de estudo dos candidatos (exemplo,\u00a0<a href=\"https:\/\/partiuintercambio.org\/?s=economia\" target=\"_blank\" rel=\"noopener noreferrer\">Economia<\/a>,\u00a0<a href=\"https:\/\/partiuintercambio.org\/?s=engenharia\" target=\"_blank\" rel=\"noopener noreferrer\">Engenharia<\/a>\u00a0<a href=\"https:\/\/partiuintercambio.org\/tag\/meio-ambiente\" target=\"_blank\" rel=\"noopener noreferrer\">Ambiental<\/a>,\u00a0<a href=\"https:\/\/partiuintercambio.org\/?s=direito\" target=\"_blank\" rel=\"noopener noreferrer\">Direito<\/a>, Administra\u00e7\u00e3o P\u00fablica, etc)<\/li>\n<li>Como crit\u00e9rio de desempate para curr\u00edculos similares se dar\u00e1 maior aten\u00e7\u00e3o \u00e0queles que apresentem expertise nos diferentes setores relevantes para a regula\u00e7\u00e3o dos Servi\u00e7os P\u00fablicos Locais \u2013 como ciclo da \u00e1gua, lixo, energia, entre outros.<\/li>\n<\/ul>\n<p>As inscri\u00e7\u00f5es est\u00e3o abertas at\u00e9 o\u00a0dia 3 de junho. Os candidatos aprovados ser\u00e3o contatados por e-mail at\u00e9 o dia 14 de junho. Para d\u00favidas sobre o programa ou sobre as inscri\u00e7\u00f5es, voc\u00ea pode entrar em contato com a organiza\u00e7\u00e3o do programa pelo e-mail:\u00a0<a href=\"mailto:iss@turinschool.eu\" target=\"_blank\" rel=\"noopener noreferrer\">iss@turinschool.eu<\/a>.<\/p>\n<p><a href=\"http:\/\/turinschool.eu\/iss\" target=\"_blank\" rel=\"noopener noreferrer\">Sobre a Summer School na It\u00e1lia<\/a><a href=\"http:\/\/turinschool.eu\/iss\" target=\"_blank\" rel=\"noopener noreferrer\"><br \/>\n<\/a><a href=\"http:\/\/turinschool.eu\/iss\/apply\" target=\"_blank\" rel=\"noopener noreferrer\">Inscreva-se<\/a><\/p>\n<p>FONTE: https:\/\/partiuintercambio.org\/bolsas-de-estudo\/bolsas-para-curso-de-verao-na-italia-turim\/<\/p>\n<p>&nbsp;<\/p>\n","protected":false,"gt_translate_keys":[{"key":"rendered","format":"html"}]},"excerpt":{"rendered":"<p>A\u00a0Turin School of Local Regulation\u00a0est\u00e1 recebendo at\u00e9 o dia 3 de junho candidaturas para bolsas para curso de ver\u00e3o na It\u00e1lia. Ser\u00e3o duas semanas de imers\u00e3o total em Turin, no norte do pa\u00eds, entre os dias 2 e 13 de setembro. As bolsas para o curso de ver\u00e3o na It\u00e1lia s\u00e3o voltadas para estudantes da\u00a0gradua\u00e7\u00e3o\u00a0que &hellip; <\/p>\n<p><a class=\"more-link btn\" href=\"https:\/\/wp.ufpel.edu.br\/crinter\/2019\/03\/29\/turin-school-oferece-bolsas-para-curso-de-verao-na-italia-2\/\">Continue lendo<\/a><\/p>\n","protected":false,"gt_translate_keys":[{"key":"rendered","format":"html"}]},"author":290,"featured_media":9243,"comment_status":"closed","ping_status":"closed","sticky":false,"template":"","format":"standard","meta":{"_jetpack_memberships_contains_paid_content":false,"footnotes":""},"categories":[23508],"tags":[],"class_list":["post-9242","post","type-post","status-publish","format-standard","has-post-thumbnail","hentry","category-oportunidades","item-wrap"],"jetpack_featured_media_url":"https:\/\/i0.wp.com\/wp.ufpel.edu.br\/crinter\/files\/2019\/03\/51440640_2210103905678729_4892943790051950592_n.png?fit=903%2C902&ssl=1","jetpack_shortlink":"https:\/\/wp.me\/p7cVVJ-2p4","jetpack_likes_enabled":true,"jetpack_sharing_enabled":true,"gt_translate_keys":[{"key":"link","format":"url"}],"_links":{"self":[{"href":"https:\/\/wp.ufpel.edu.br\/crinter\/wp-json\/wp\/v2\/posts\/9242","targetHints":{"allow":["GET"]}}],"collection":[{"href":"https:\/\/wp.ufpel.edu.br\/crinter\/wp-json\/wp\/v2\/posts"}],"about":[{"href":"https:\/\/wp.ufpel.edu.br\/crinter\/wp-json\/wp\/v2\/types\/post"}],"author":[{"embeddable":true,"href":"https:\/\/wp.ufpel.edu.br\/crinter\/wp-json\/wp\/v2\/users\/290"}],"replies":[{"embeddable":true,"href":"https:\/\/wp.ufpel.edu.br\/crinter\/wp-json\/wp\/v2\/comments?post=9242"}],"version-history":[{"count":1,"href":"https:\/\/wp.ufpel.edu.br\/crinter\/wp-json\/wp\/v2\/posts\/9242\/revisions"}],"predecessor-version":[{"id":9244,"href":"https:\/\/wp.ufpel.edu.br\/crinter\/wp-json\/wp\/v2\/posts\/9242\/revisions\/9244"}],"wp:featuredmedia":[{"embeddable":true,"href":"https:\/\/wp.ufpel.edu.br\/crinter\/wp-json\/wp\/v2\/media\/9243"}],"wp:attachment":[{"href":"https:\/\/wp.ufpel.edu.br\/crinter\/wp-json\/wp\/v2\/media?parent=9242"}],"wp:term":[{"taxonomy":"category","embeddable":true,"href":"https:\/\/wp.ufpel.edu.br\/crinter\/wp-json\/wp\/v2\/categories?post=9242"},{"taxonomy":"post_tag","embeddable":true,"href":"https:\/\/wp.ufpel.edu.br\/crinter\/wp-json\/wp\/v2\/tags?post=9242"}],"curies":[{"name":"wp","href":"https:\/\/api.w.org\/{rel}","templated":true}]}}