{"id":6016,"date":"2017-03-07T21:53:15","date_gmt":"2017-03-08T00:53:15","guid":{"rendered":"https:\/\/wp.ufpel.edu.br\/crinter\/?p=6016"},"modified":"2017-03-07T21:53:15","modified_gmt":"2017-03-08T00:53:15","slug":"bolsas-para-mestrado-em-comunicacao-na-alemanha","status":"publish","type":"post","link":"https:\/\/wp.ufpel.edu.br\/crinter\/2017\/03\/07\/bolsas-para-mestrado-em-comunicacao-na-alemanha\/","title":{"rendered":"Bolsas para mestrado em comunica\u00e7\u00e3o na Alemanha","gt_translate_keys":[{"key":"rendered","format":"text"}]},"content":{"rendered":"<p>As inscri\u00e7\u00f5es para o mestrado em comunica\u00e7\u00e3o da Deutsche Welle, o International Media Studies (IMS) \u00a0est\u00e3o abertas at\u00e9 mar\u00e7o. O curso tem dura\u00e7\u00e3o de quatro semestres e \u00e9 em tempo integral. O curr\u00edculo \u00e9 <strong>bil\u00edngue<\/strong>\u00a0(<strong>alem\u00e3o e ingl\u00eas<\/strong>) e oferece disciplinas de m\u00eddia e desenvolvimento, jornalismo, comunica\u00e7\u00e3o e gerenciamento de m\u00eddia. O curso \u00e9 fruto de uma parceria entre a\u00a0<strong>Universidade de Bonn<\/strong>, a Hochschule Bonn Rhein- Sieg\u00a0(HBRS) e a <strong>Deutsche Welle<\/strong>\u00a0(DW), emissora p\u00fablica internacional da Alemanha. As inscri\u00e7\u00f5es\u00a0 s\u00f3 podem ser feitas online, <strong>bolsas totais e parciais<\/strong> est\u00e3o dispon\u00edveis para os inscritos.<\/p>\n<h2><strong>Como \u00e9 o IMS da Deutsche Welle?<\/strong><\/h2>\n<p>Programa de <a href=\"http:\/\/partiuintercambio.org\/2013\/09\/22\/master-deutsche-welle-international-media-studies\/\" target=\"_blank\">mestrado em comunica\u00e7\u00e3o na Alemanha\u00a0<\/a>\u00e9, DE FATO, um programa internacional. Todo ano tem, pelo menos, um brasileiro (quase sempre com bolsa). Eles n\u00e3o aceitam mais do que tr\u00eas pessoas de cada pa\u00eds, ent\u00e3o voc\u00ea vai estudar com gente da <a href=\"http:\/\/partiuintercambio.org\/?s=alemanha\">Alemanha<\/a>, Indon\u00e9sia, Palestina, Israel, Col\u00f4mbia, M\u00e9xico, S\u00edria, Costa Rica, B\u00f3snia e outros tantos lugares. \u00a0Por isso, acho que mais que gostar de estudar, voc\u00ea vai ter que gostar de lidar com gente. A\u00a0<strong><a href=\"http:\/\/partiuintercambio.org\/2013\/09\/27\/o-mundo-e-maior-que-o-teu-facebook\/\" target=\"_blank\">conviv\u00eancia intercultural na pr\u00e1tica<\/a><\/strong> e no dia a dia pode ser estressante e frustrante por vezes.<\/p>\n<p>As aulas s\u00e3o normalmente dadas na pr\u00f3pria Deutsche Welle, n\u00e3o na Universidade, mas os alunos do IMS t\u00eam aulas com professores tanto da Uni Bonn quando da HBRS e podem usar as depend\u00eancias das duas. Na verdade, qualquer um que se interessar pode fazer aulas extras na Uni ou na Hochschule. No primeiro semestre, quase tudo \u00e9 ingl\u00eas. Nos semestres seguintes, a quantidade de aulas em alem\u00e3o aumenta. As provas e a disserta\u00e7\u00e3o, no entanto, podem ser feitas em qualquer uma das duas l\u00ednguas do programa. O aluno que escolhe.<\/p>\n<p>Na p\u00e1gina da DW, \u00a0voc\u00eas v\u00e3o encontrar que o curso custa 6 mil euros. Eles oferecem possibilidade de bolsa e meia bolsa. Voc\u00ea no entanto deve indicar que quer concorrer a uma bolsa parcial ou total. A parcial cobre os custos do curso e a completa paga o curso, passagem de ida e volta e ainda tem 750 euros por m\u00eas para viver, pagar aluguel, seguro sa\u00fade, durante os dois anos do curso.<\/p>\n<h2><strong>O que precisa para se inscrever:<\/strong><\/h2>\n<p>Para poder se inscrever voc\u00ea deve ter os documentos em ingl\u00eas ou alem\u00e3o:<\/p>\n<p>\u2013 Carta de motiva\u00e7\u00e3o assinada<br \/>\n\u2013 Curr\u00edculo tabelar assinado<br \/>\n\u2013 Diploma e curr\u00edculo com as suas notas<br \/>\n\u2013 Comprova\u00e7\u00e3o de, pelo menos, um ano de experi\u00eancia profissional em um campo relacionado m\u00eddia depois de formado (para concorrer a uma bolsa integral \u00e9 preciso dar provas de pelo menos mais um ano de \u00a0experi\u00eancia profissional )<br \/>\n\u2013 Comprovante de profici\u00eancia em ingl\u00eas: \u00a0<a href=\"https:\/\/www.ets.org\/pt\/toefl\/\" target=\"_blank\">TOEFL<\/a> iBT de 83 ou superior, <a href=\"http:\/\/www.ielts.org\/\" target=\"_blank\">IELTS <\/a>com 6.5 ou superior;<a href=\"http:\/\/www.bulats.org\/\" target=\"_blank\"> BULATS<\/a> com 70 ou superior, LCCI com \u00a0N\u00edvel 3. Os certificados de l\u00edngua inglesa s\u00e3o v\u00e1lidos por dois anos a partir da data de emiss\u00e3o<br \/>\n\u2013 Comprovante de conhecimentos de alem\u00e3o suficientes: <a href=\"http:\/\/www.testdaf.de\/index.php\" target=\"_blank\">TestDaF<\/a> pelo menos n\u00edvel TDN 3 em todas as quatro partes do exame, <a href=\"http:\/\/www.goethe.de\/ins\/br\/sap\/lrn\/prf\/b2\/ptindex.htm\" target=\"_blank\">Goethe Zertifikat<\/a> pelo menos n\u00edvel B2 ou <a href=\"http:\/\/www.dsh-germany.com\/\" target=\"_blank\">DSH<\/a> pelo menos o n\u00edvel 1.<br \/>\n\u2013 C\u00f3pia do passaporte<\/p>\n<h3>Para se candidatar para a bolsa integral, documentos adicionais s\u00e3o necess\u00e1rios:<\/h3>\n<p>\u2013 Carta de recomenda\u00e7\u00e3o recente de um professor da sua Universidade (assinada e com carimbo)<br \/>\n\u2013 \u00a0Carta de recomenda\u00e7\u00e3o recentes de um empregador (assinada com um carimbo oficial da empresa)<br \/>\n\u2013<a href=\"https:\/\/www.daad.de\/deutschland\/stipendium\/datenbank\/en\/21148-scholarship-database\/?origin=48&amp;status=3&amp;subjectGrps=B&amp;daad=1&amp;q=&amp;page=1&amp;detail=10000008#prozess\" target=\"_blank\"> Formul\u00e1rio de candidatura no site do DAAD<\/a><br \/>\n\u2013 Diploma do ensino m\u00e9dio<\/p>\n<p>&nbsp;<\/p>\n<p>D\u00favidas sobre o processo de inscri\u00e7\u00e3o, bolsas ou qualquer outra coisa podem ser enviadas para <a href=\"mailto:ims@dw.de\" target=\"_blank\">ims@dw.de<\/a>. E n\u00e3o esque\u00e7am, as inscri\u00e7\u00f5es v\u00e3o at\u00e9 31 de mar\u00e7o<\/p>\n<p><a href=\"http:\/\/www.dw.de\/dw-akademie\/masters-degree\/s-12276\" target=\"_blank\">Saiba mais sobre a bolsa de mestrado da Deutsche Welle na Alemanha<br \/>\n<\/a><a href=\"http:\/\/www.dw.com\/en\/application-process\/a-3766411\" target=\"_blank\">Inscreva-se\u00a0para o curso de mestrado<br \/>\n<\/a><a href=\"http:\/\/www.dw.com\/en\/dw-akademie\/faq\/s-12282\" target=\"_blank\">Veja as respostas para as d\u00favidas mais frequentes sobre a bolsa de estudos na Alemanha<\/a><\/p>\n","protected":false,"gt_translate_keys":[{"key":"rendered","format":"html"}]},"excerpt":{"rendered":"<p>As inscri\u00e7\u00f5es para o mestrado em comunica\u00e7\u00e3o da Deutsche Welle, o International Media Studies (IMS) \u00a0est\u00e3o abertas at\u00e9 mar\u00e7o. O curso tem dura\u00e7\u00e3o de quatro semestres e \u00e9 em tempo integral. O curr\u00edculo \u00e9 bil\u00edngue\u00a0(alem\u00e3o e ingl\u00eas) e oferece disciplinas de m\u00eddia e desenvolvimento, jornalismo, comunica\u00e7\u00e3o e gerenciamento de m\u00eddia. O curso \u00e9 fruto de &hellip; <\/p>\n<p><a class=\"more-link btn\" href=\"https:\/\/wp.ufpel.edu.br\/crinter\/2017\/03\/07\/bolsas-para-mestrado-em-comunicacao-na-alemanha\/\">Continue lendo<\/a><\/p>\n","protected":false,"gt_translate_keys":[{"key":"rendered","format":"html"}]},"author":290,"featured_media":0,"comment_status":"closed","ping_status":"closed","sticky":false,"template":"","format":"standard","meta":{"_jetpack_memberships_contains_paid_content":false,"footnotes":""},"categories":[4,23508],"tags":[],"class_list":["post-6016","post","type-post","status-publish","format-standard","hentry","category-noticias","category-oportunidades","item-wrap"],"jetpack_featured_media_url":"","jetpack_shortlink":"https:\/\/wp.me\/p7cVVJ-1z2","jetpack_likes_enabled":true,"jetpack_sharing_enabled":true,"gt_translate_keys":[{"key":"link","format":"url"}],"_links":{"self":[{"href":"https:\/\/wp.ufpel.edu.br\/crinter\/wp-json\/wp\/v2\/posts\/6016","targetHints":{"allow":["GET"]}}],"collection":[{"href":"https:\/\/wp.ufpel.edu.br\/crinter\/wp-json\/wp\/v2\/posts"}],"about":[{"href":"https:\/\/wp.ufpel.edu.br\/crinter\/wp-json\/wp\/v2\/types\/post"}],"author":[{"embeddable":true,"href":"https:\/\/wp.ufpel.edu.br\/crinter\/wp-json\/wp\/v2\/users\/290"}],"replies":[{"embeddable":true,"href":"https:\/\/wp.ufpel.edu.br\/crinter\/wp-json\/wp\/v2\/comments?post=6016"}],"version-history":[{"count":1,"href":"https:\/\/wp.ufpel.edu.br\/crinter\/wp-json\/wp\/v2\/posts\/6016\/revisions"}],"predecessor-version":[{"id":6017,"href":"https:\/\/wp.ufpel.edu.br\/crinter\/wp-json\/wp\/v2\/posts\/6016\/revisions\/6017"}],"wp:attachment":[{"href":"https:\/\/wp.ufpel.edu.br\/crinter\/wp-json\/wp\/v2\/media?parent=6016"}],"wp:term":[{"taxonomy":"category","embeddable":true,"href":"https:\/\/wp.ufpel.edu.br\/crinter\/wp-json\/wp\/v2\/categories?post=6016"},{"taxonomy":"post_tag","embeddable":true,"href":"https:\/\/wp.ufpel.edu.br\/crinter\/wp-json\/wp\/v2\/tags?post=6016"}],"curies":[{"name":"wp","href":"https:\/\/api.w.org\/{rel}","templated":true}]}}