{"id":10421,"date":"2021-05-12T20:33:55","date_gmt":"2021-05-12T23:33:55","guid":{"rendered":"https:\/\/wp.ufpel.edu.br\/crinter\/?p=10421"},"modified":"2021-05-12T20:33:55","modified_gmt":"2021-05-12T23:33:55","slug":"resultado-final-edital-n-08-2021","status":"publish","type":"post","link":"https:\/\/wp.ufpel.edu.br\/crinter\/2021\/05\/12\/resultado-final-edital-n-08-2021\/","title":{"rendered":"RESULTADO FINAL &#8211; EDITAL N. 08\/2021","gt_translate_keys":[{"key":"rendered","format":"text"}]},"content":{"rendered":"<hr \/>\n<p>A Coordena\u00e7\u00e3o de Rela\u00e7\u00f5es Internacionais &#8211; CRInter da Universidade Federal de Pelotas, no uso de suas<br \/>\natribui\u00e7\u00f5es legais e de acordo com as resolu\u00e7\u00f5es do COCEPE 14\/2010 e 40\/2015, torna p\u00fablico o RESULTADO\u00a0 FINAL da sele\u00e7\u00e3o a que se refere o Edital n.\u00ba 08\/2021.<\/p>\n<p><strong>1\u00ba CLASSIFICADO &#8211; Ver\u00f4nica Cabral dos Santos e Silva<\/strong><\/p>\n<p><strong>2\u00ba CLASSIFICADO &#8211; Fiona Maria Gando Guerra<\/strong><\/p>\n<p><strong>1\u00ba SUPLENTE &#8211; Marina Oliveira Ribas<\/strong><\/p>\n<p><strong>2\u00ba SUPLENTE &#8211; Bernardo Haerter Silveira<\/strong><\/p>\n<p><a href=\"https:\/\/wp.ufpel.edu.br\/crinter\/files\/2021\/05\/SEI_UFPel-1298728-Declaracao-Edital-08-2021.pdf\">SEI_UFPel &#8211; 1298728 &#8211; Declara\u00e7\u00e3o<\/a><\/p>\n","protected":false,"gt_translate_keys":[{"key":"rendered","format":"html"}]},"excerpt":{"rendered":"<p>A Coordena\u00e7\u00e3o de Rela\u00e7\u00f5es Internacionais &#8211; CRInter da Universidade Federal de Pelotas, no uso de suas atribui\u00e7\u00f5es legais e de acordo com as resolu\u00e7\u00f5es do COCEPE 14\/2010 e 40\/2015, torna p\u00fablico o RESULTADO\u00a0 FINAL da sele\u00e7\u00e3o a que se refere o Edital n.\u00ba 08\/2021. 1\u00ba CLASSIFICADO &#8211; Ver\u00f4nica Cabral dos Santos e Silva 2\u00ba CLASSIFICADO &hellip; <\/p>\n<p><a class=\"more-link btn\" href=\"https:\/\/wp.ufpel.edu.br\/crinter\/2021\/05\/12\/resultado-final-edital-n-08-2021\/\">Continue lendo<\/a><\/p>\n","protected":false,"gt_translate_keys":[{"key":"rendered","format":"html"}]},"author":290,"featured_media":0,"comment_status":"closed","ping_status":"closed","sticky":false,"template":"","format":"standard","meta":{"_jetpack_memberships_contains_paid_content":false,"footnotes":""},"categories":[18],"tags":[],"class_list":["post-10421","post","type-post","status-publish","format-standard","hentry","category-sem-categoria","item-wrap"],"jetpack_featured_media_url":"","jetpack_shortlink":"https:\/\/wp.me\/p7cVVJ-2I5","jetpack_likes_enabled":true,"jetpack_sharing_enabled":true,"gt_translate_keys":[{"key":"link","format":"url"}],"_links":{"self":[{"href":"https:\/\/wp.ufpel.edu.br\/crinter\/wp-json\/wp\/v2\/posts\/10421","targetHints":{"allow":["GET"]}}],"collection":[{"href":"https:\/\/wp.ufpel.edu.br\/crinter\/wp-json\/wp\/v2\/posts"}],"about":[{"href":"https:\/\/wp.ufpel.edu.br\/crinter\/wp-json\/wp\/v2\/types\/post"}],"author":[{"embeddable":true,"href":"https:\/\/wp.ufpel.edu.br\/crinter\/wp-json\/wp\/v2\/users\/290"}],"replies":[{"embeddable":true,"href":"https:\/\/wp.ufpel.edu.br\/crinter\/wp-json\/wp\/v2\/comments?post=10421"}],"version-history":[{"count":1,"href":"https:\/\/wp.ufpel.edu.br\/crinter\/wp-json\/wp\/v2\/posts\/10421\/revisions"}],"predecessor-version":[{"id":10422,"href":"https:\/\/wp.ufpel.edu.br\/crinter\/wp-json\/wp\/v2\/posts\/10421\/revisions\/10422"}],"wp:attachment":[{"href":"https:\/\/wp.ufpel.edu.br\/crinter\/wp-json\/wp\/v2\/media?parent=10421"}],"wp:term":[{"taxonomy":"category","embeddable":true,"href":"https:\/\/wp.ufpel.edu.br\/crinter\/wp-json\/wp\/v2\/categories?post=10421"},{"taxonomy":"post_tag","embeddable":true,"href":"https:\/\/wp.ufpel.edu.br\/crinter\/wp-json\/wp\/v2\/tags?post=10421"}],"curies":[{"name":"wp","href":"https:\/\/api.w.org\/{rel}","templated":true}]}}