{"id":10212,"date":"2020-03-12T15:48:36","date_gmt":"2020-03-12T18:48:36","guid":{"rendered":"https:\/\/wp.ufpel.edu.br\/crinter\/?p=10212"},"modified":"2021-04-30T18:26:17","modified_gmt":"2021-04-30T21:26:17","slug":"bolsas-para-evento-da-unesco-sobre-cidadania-global-na-coreia","status":"publish","type":"post","link":"https:\/\/wp.ufpel.edu.br\/crinter\/2020\/03\/12\/bolsas-para-evento-da-unesco-sobre-cidadania-global-na-coreia\/","title":{"rendered":"Bolsas para evento da UNESCO sobre cidadania global na Coreia","gt_translate_keys":[{"key":"rendered","format":"text"}]},"content":{"rendered":"<h4>Inscri\u00e7\u00f5es at\u00e9 17\/03\/2020<\/h4>\n<p>At\u00e9 o dia 17 de mar\u00e7o, est\u00e3o abertas as inscri\u00e7\u00f5es para o\u00a0<em>6\u00ba Workshop de Lideran\u00e7a Juvenil em Educa\u00e7\u00e3o para Cidadania Global (GDED)<\/em>, na sigla em ingl\u00eas). O<strong>\u00a0evento da UNESCO<\/strong>\u00a0acontecer\u00e1 entre os dias 25 e 31 de maio em Seul, na Coreia do Sul.<\/p>\n<p>O curso tem o objetivo de capacitar jovens l\u00edderes de todo o mundo para ajudar na cria\u00e7\u00e3o de estrat\u00e9gias para alcan\u00e7ar os Objetivos de Desenvolvimento Sustent\u00e1vel (ODS). Estes formam uma lista de 17 metas globais estabelecidas pela Assembleia Geral das Na\u00e7\u00f5es Unidas.<\/p>\n<h2><strong>Como \u00e9 o evento da UNESCO<\/strong><\/h2>\n<p>O evento do UNESCO permite que os participantes aprofundem sua compreens\u00e3o sobre a\u00a0<strong>Educa\u00e7\u00e3o para Cidadania Global<\/strong>. Dessa forma, esses jovens l\u00edderes se tornam parte de uma ampla rede em torno do tema.<\/p>\n<p>Durante o workshop de uma semana, os participantes ir\u00e3o identificar quest\u00f5es priorit\u00e1rias espec\u00edficas em torno da cidadania global. Eles ir\u00e3o elaborar metas estrat\u00e9gicas para serem usadas a n\u00edvel local e nacional.<\/p>\n<h3><strong>Sobre as bolsas para participar do workshop<\/strong><\/h3>\n<p>Alguns candidatos ser\u00e3o selecionados para receber um aux\u00edlio do\u00a0<em>Centro de Educa\u00e7\u00e3o para a Compreens\u00e3o Internacional da \u00c1sia-Pac\u00edfico (APCEIU)<\/em>.<\/p>\n<p>As bolsas para o evento da UNESCO incluem<strong>\u00a0isen\u00e7\u00e3o de taxas de matr\u00edcula e seguro e cobrem as despesas de viagem. Isso inclui acomoda\u00e7\u00e3o, alimenta\u00e7\u00e3o e transporte local<\/strong>.<\/p>\n<p>No entanto, os bolsistas s\u00e3o respons\u00e1veis pelas despesas de viagens dom\u00e9sticas e pelas taxas de visto em seus pr\u00f3prios pa\u00edses.<\/p>\n<h2><strong>Requisitos e candidatura \u00e0s bolsas para evento da UNESCO<\/strong><\/h2>\n<p>Para ser bolsista e participar do evento da UNESCO, \u00e9 preciso ter entre 19 e 28 anos, ou seja, ter nascido entre 1992 e 2001. Al\u00e9m disso, o programa \u00e9 voltado exclusivamente para cidad\u00e3os de pa\u00edses que recebem a Assist\u00eancia Oficial ao Desenvolvimento (ODA) e, ao mesmo tempo, sejam membros da UNESCO. O Brasil se encaixa nesse crit\u00e9rio.<\/p>\n<p>O workshop ser\u00e1 conduzido em ingl\u00eas. Portanto, os candidatos devem ter profici\u00eancia oral e escrita na l\u00edngua.<\/p>\n<p>As inscri\u00e7\u00f5es para o evento da UNESCO devem ser apresentadas antes de\u00a0<strong>17 de mar\u00e7o<\/strong>. Os interessados devem aplicar preenchendo um\u00a0<a href=\"https:\/\/docs.google.com\/forms\/d\/e\/1FAIpQLSeCyy-UeAWYjqUQQPuxebtNxFmE2nzUnY6RXwYk6Wa0Cpu0Ww\/viewform\">formul\u00e1rio online<\/a>. Al\u00e9m disso, ser\u00e1 necess\u00e1rio concluir um curso de e-learning com um resultado satisfat\u00f3rio para poder se inscrever.<\/p>\n<p>Os candidatos aprovados ser\u00e3o notificados at\u00e9 o dia 26 de mar\u00e7o.<\/p>\n<p>Fonte: <a href=\"https:\/\/partiuintercambio.org\/bolsas-de-estudo\/bolsas-evento-da-unesco-cidadania-global\/\">https:\/\/partiuintercambio.org\/bolsas-de-estudo\/bolsas-evento-da-unesco-cidadania-global\/<\/a><\/p>\n","protected":false,"gt_translate_keys":[{"key":"rendered","format":"html"}]},"excerpt":{"rendered":"<p>Inscri\u00e7\u00f5es at\u00e9 17\/03\/2020 At\u00e9 o dia 17 de mar\u00e7o, est\u00e3o abertas as inscri\u00e7\u00f5es para o\u00a06\u00ba Workshop de Lideran\u00e7a Juvenil em Educa\u00e7\u00e3o para Cidadania Global (GDED), na sigla em ingl\u00eas). O\u00a0evento da UNESCO\u00a0acontecer\u00e1 entre os dias 25 e 31 de maio em Seul, na Coreia do Sul. O curso tem o objetivo de capacitar jovens l\u00edderes &hellip; <\/p>\n<p><a class=\"more-link btn\" href=\"https:\/\/wp.ufpel.edu.br\/crinter\/2020\/03\/12\/bolsas-para-evento-da-unesco-sobre-cidadania-global-na-coreia\/\">Continue lendo<\/a><\/p>\n","protected":false,"gt_translate_keys":[{"key":"rendered","format":"html"}]},"author":290,"featured_media":0,"comment_status":"closed","ping_status":"closed","sticky":false,"template":"","format":"standard","meta":{"_jetpack_memberships_contains_paid_content":false,"footnotes":""},"categories":[18],"tags":[],"class_list":["post-10212","post","type-post","status-publish","format-standard","hentry","category-sem-categoria","item-wrap"],"jetpack_featured_media_url":"","jetpack_shortlink":"https:\/\/wp.me\/p7cVVJ-2EI","jetpack_likes_enabled":true,"jetpack_sharing_enabled":true,"gt_translate_keys":[{"key":"link","format":"url"}],"_links":{"self":[{"href":"https:\/\/wp.ufpel.edu.br\/crinter\/wp-json\/wp\/v2\/posts\/10212","targetHints":{"allow":["GET"]}}],"collection":[{"href":"https:\/\/wp.ufpel.edu.br\/crinter\/wp-json\/wp\/v2\/posts"}],"about":[{"href":"https:\/\/wp.ufpel.edu.br\/crinter\/wp-json\/wp\/v2\/types\/post"}],"author":[{"embeddable":true,"href":"https:\/\/wp.ufpel.edu.br\/crinter\/wp-json\/wp\/v2\/users\/290"}],"replies":[{"embeddable":true,"href":"https:\/\/wp.ufpel.edu.br\/crinter\/wp-json\/wp\/v2\/comments?post=10212"}],"version-history":[{"count":1,"href":"https:\/\/wp.ufpel.edu.br\/crinter\/wp-json\/wp\/v2\/posts\/10212\/revisions"}],"predecessor-version":[{"id":10214,"href":"https:\/\/wp.ufpel.edu.br\/crinter\/wp-json\/wp\/v2\/posts\/10212\/revisions\/10214"}],"wp:attachment":[{"href":"https:\/\/wp.ufpel.edu.br\/crinter\/wp-json\/wp\/v2\/media?parent=10212"}],"wp:term":[{"taxonomy":"category","embeddable":true,"href":"https:\/\/wp.ufpel.edu.br\/crinter\/wp-json\/wp\/v2\/categories?post=10212"},{"taxonomy":"post_tag","embeddable":true,"href":"https:\/\/wp.ufpel.edu.br\/crinter\/wp-json\/wp\/v2\/tags?post=10212"}],"curies":[{"name":"wp","href":"https:\/\/api.w.org\/{rel}","templated":true}]}}