{"id":20,"date":"2019-11-03T21:15:34","date_gmt":"2019-11-04T00:15:34","guid":{"rendered":"https:\/\/wp.ufpel.edu.br\/crimeacoescoletivas\/?p=20"},"modified":"2019-11-03T21:24:04","modified_gmt":"2019-11-04T00:24:04","slug":"reuniao-dia-21-de-novembro-de-2019","status":"publish","type":"post","link":"https:\/\/wp.ufpel.edu.br\/crimeacoescoletivas\/2019\/11\/03\/reuniao-dia-21-de-novembro-de-2019\/","title":{"rendered":"Reuni\u00e3o dia 21 de Novembro de 2019"},"content":{"rendered":"<p>Tema: <strong>A experi\u00eancia das UPPs no Rio de Janeiro<\/strong><\/p>\n<p><em>As UPPs como demarcadoras de ciclos pol\u00edticos<\/em><\/p>\n<p>Dr. Livio Silva de Oliveira (UFPel)<\/p>\n<p>A reuni\u00e3o iniciar\u00e1 \u00e0s 17hs, excepcionalmente.<\/p>\n<p>Textos: <a href=\"https:\/\/wp.ufpel.edu.br\/crimeacoescoletivas\/files\/2019\/11\/7283-14339-1-SM.pdf\">7283-14339-1-SM<\/a> <a href=\"https:\/\/wp.ufpel.edu.br\/crimeacoescoletivas\/files\/2019\/11\/7281-14335-1-SM.pdf\">7281-14335-1-SM<\/a><a href=\"https:\/\/wp.ufpel.edu.br\/crimeacoescoletivas\/files\/2019\/11\/7279-14331-1-SM.pdf\">7279-14331-1-SM<\/a><\/p>\n","protected":false},"excerpt":{"rendered":"<p>Tema: A experi\u00eancia das UPPs no Rio de Janeiro As UPPs como demarcadoras de ciclos pol\u00edticos Dr. Livio Silva de Oliveira (UFPel) A reuni\u00e3o iniciar\u00e1 \u00e0s 17hs, excepcionalmente. Textos: 7283-14339-1-SM 7281-14335-1-SM7279-14331-1-SM<\/p>\n","protected":false},"author":970,"featured_media":0,"comment_status":"closed","ping_status":"closed","sticky":false,"template":"","format":"standard","meta":{"footnotes":""},"categories":[1],"tags":[],"class_list":["post-20","post","type-post","status-publish","format-standard","hentry","category-noticias"],"jetpack_featured_media_url":"","_links":{"self":[{"href":"https:\/\/wp.ufpel.edu.br\/crimeacoescoletivas\/wp-json\/wp\/v2\/posts\/20","targetHints":{"allow":["GET"]}}],"collection":[{"href":"https:\/\/wp.ufpel.edu.br\/crimeacoescoletivas\/wp-json\/wp\/v2\/posts"}],"about":[{"href":"https:\/\/wp.ufpel.edu.br\/crimeacoescoletivas\/wp-json\/wp\/v2\/types\/post"}],"author":[{"embeddable":true,"href":"https:\/\/wp.ufpel.edu.br\/crimeacoescoletivas\/wp-json\/wp\/v2\/users\/970"}],"replies":[{"embeddable":true,"href":"https:\/\/wp.ufpel.edu.br\/crimeacoescoletivas\/wp-json\/wp\/v2\/comments?post=20"}],"version-history":[{"count":5,"href":"https:\/\/wp.ufpel.edu.br\/crimeacoescoletivas\/wp-json\/wp\/v2\/posts\/20\/revisions"}],"predecessor-version":[{"id":29,"href":"https:\/\/wp.ufpel.edu.br\/crimeacoescoletivas\/wp-json\/wp\/v2\/posts\/20\/revisions\/29"}],"wp:attachment":[{"href":"https:\/\/wp.ufpel.edu.br\/crimeacoescoletivas\/wp-json\/wp\/v2\/media?parent=20"}],"wp:term":[{"taxonomy":"category","embeddable":true,"href":"https:\/\/wp.ufpel.edu.br\/crimeacoescoletivas\/wp-json\/wp\/v2\/categories?post=20"},{"taxonomy":"post_tag","embeddable":true,"href":"https:\/\/wp.ufpel.edu.br\/crimeacoescoletivas\/wp-json\/wp\/v2\/tags?post=20"}],"curies":[{"name":"wp","href":"https:\/\/api.w.org\/{rel}","templated":true}]}}