{"id":669,"date":"2011-09-03T22:50:50","date_gmt":"2011-09-04T01:50:50","guid":{"rendered":"http:\/\/conservacaoerestauro.wordpress.com\/?p=669"},"modified":"2011-09-03T22:50:50","modified_gmt":"2011-09-04T01:50:50","slug":"escudo-azul-comite-gaucho","status":"publish","type":"post","link":"https:\/\/wp.ufpel.edu.br\/crbensmoveis\/2011\/09\/03\/escudo-azul-comite-gaucho\/","title":{"rendered":"Escudo Azul &#8211; Comit\u00ea Ga\u00facho"},"content":{"rendered":"<div class=\"mceTemp mceIEcenter\">\n<div class=\"mceTemp mceIEcenter\">No dia 04 de agosto foi realizado o I ENCONTRO SOBRE A\u00c7\u00d5ES DE RESGATE DE ACERVOS CULTURAIS: Implanta\u00e7\u00e3o do Comit\u00ea Regional do Escudo Azul. Esse evento, promovido pelo Departamento de Museologia e Conserva\u00e7\u00e3o e Restauro, sob a coordena\u00e7\u00e3o das Professoras Andr\u00e9a Bachettini e Silvana Bojanoski, marcou a implanta\u00e7\u00e3o do Comit\u00ea Ga\u00facho do Escudo Azul.<\/div>\n<\/div>\n<p>O Escudo Azul \u00e9 um organismo internacional que funciona como uma esp\u00e9cie de Cruz Vermelha, que congrega pessoas para trabalharem voluntariamente quando existe uma situa\u00e7\u00e3o de risco ao patrim\u00f4nio cultural. A a\u00e7\u00e3o desse organismo se concretiza na elabora\u00e7\u00e3o de planos de emerg\u00eancia e de resgate, na avalia\u00e7\u00e3o de riscos e em a\u00e7\u00f5es de preven\u00e7\u00e3o implementadas dentro de cada institui\u00e7\u00e3o que faz parte do Comit\u00ea.<\/p>\n<p>Estiveram presentes na mesa de abertura do I Encontro sobre a\u00e7\u00f5es de Resgate de Acervos Culturais as seguintes autoridades: Professor Alencar Mello Proen\u00e7a, Reitor da Universidade Cat\u00f3lica; Professor Antonio Cesar Borges, Reitor da UFPel; Sr. Fabr\u00edcio Tavares, Vice-Prefeito de Pelotas e Presidente da Defesa Civil de Pelotas; Sr. Mogar Pagana Xavier, Superintendente de Cultura da Secretaria de Cultura de Pelotas, Professor Sebasti\u00e3o Perez, representante do Instituto de Ci\u00eancias Humanas da UFPel; Sra. Andr\u00e9a Bachettini, presidente da Associa\u00e7\u00e3o dos Conservadores-restauradores do Rio Grande do Sul, Sra. Silvana Bojanoski, representante da Comiss\u00e3o Organizadora do evento.<\/p>\n<p>Ainda na abertura, em um momento de beleza e solenidade, o Hino Nacional foi interpretado pela diretora do Conservat\u00f3rio de M\u00fasica da UFPEl, a Professora Izabel Nogueira e pelo violonista Pedro Di Azz.<\/p>\n<p>Ap\u00f3s as palavras iniciais dos componentes da mesa, tiveram in\u00edcio as palestra proferidas pelos conferencistas convidados. O Sr. Antonio Mirabile, consultor internacional da UNESCO, falou sobre a atua\u00e7\u00e3o do Comit\u00ea Franc\u00eas do Escudo Azul. Em seguida a Sra. Gina Machado, consultora e gestora de projetos culturais, discorreu sobre a forma\u00e7\u00e3o do Comit\u00ea Brasileiro do Escudo Azul e sobre a atua\u00e7\u00e3o do Comit\u00ea Paulista do Escudo Azul. A parte da tarde iniciou com a palestra da Sra. Jussara Vit\u00f3ria Freitas, professora da Universidade Federal de Minas Gerais, que mostrou as atividades que vem sendo desenvolvidas pelo Comit\u00ea Mineiro do Escudo Azul.<br \/>\nTamb\u00e9m fez parte da programa\u00e7\u00e3o a exibi\u00e7\u00e3o do filme Per Firenze, um document\u00e1rio do diretor Franco Zeffirelli, sobre a grande enchente que atingiu a cidade de Floren\u00e7a em 1966. O outro filme, exibido e comentado pelo Sr. Antonio Mirabile, foi D\u00e9fenseurs du patrimoine culturel, que mostra um treinamento com a simula\u00e7\u00e3o de inc\u00eandio do Castelo Chantilly na Fran\u00e7a.<\/p>\n<p>Na parte final da tarde foi realizada uma reuni\u00e3o de trabalho com a presen\u00e7a de todos os presentes no evento. Nesse momento foi aprovada uma carta que ser\u00e1 encaminhada ao Comit\u00ea Brasileiro do Escudo Azul, oficializando-se assim a cria\u00e7\u00e3o do Comit\u00ea Regional Ga\u00facho do Escudo Azul. Tamb\u00e9m foram discutidos outros pontos, como a composi\u00e7\u00e3o da equipe respons\u00e1vel pelo Comit\u00ea Regional, definindo-se que a coordena\u00e7\u00e3o ser\u00e1 feita pelas professoras da UFPel Andr\u00e9a Bachettini e Silvana Bojanoski, e pelo Diretor do Museu J\u00falio de Castilhos, Sr. Joel Santana. Tamb\u00e9m foram definidas que as Sras. Maria \u00facia Ricardo Souto e Karine Dias Sehn, respectivamente do Arquivo do Estado do Rio Grande do Sul e Movimento Moinho Vive, desempenhar\u00e3o as atividades de Secretar\u00eda. Os outros pontos discutidos foram a defini\u00e7\u00e3o da data de uma pr\u00f3xima reuni\u00e3o, a elabora\u00e7\u00e3o de uma p\u00e1gina na internet e organiza\u00e7\u00e3o de um pr\u00f3ximo evento.<\/p>\n<p>A representatividade e repercuss\u00e3o do evento se traduzem nos n\u00fameros de inscritos. O p\u00fablico foi de aproximadamente 200 pessoas, formado por representantes de institui\u00e7\u00f5es, profissionais, estudantes e demais interessados em estabelecer uma proposta de trabalho efetiva e eficiente para concretizar importantes a\u00e7\u00f5es de preserva\u00e7\u00e3o dos patrim\u00f4nios culturais.<\/p>\n<p>A realiza\u00e7\u00e3o do evento somente foi poss\u00edvel com a colabora\u00e7\u00e3o e parceria das seguintes pessoas e institui\u00e7\u00f5es:<br \/>\n&#8211; Professora Let\u00edcia Mazzuchi Ferreira, do curso de Mestrado em Mem\u00f3ria Social e Patrim\u00f4nio Cultural da UFPEL,<br \/>\n&#8211; Professores Sidnei Gon\u00e7alves e Lorena Gill, respectivamente diretor e vice-diretora do Instituto de Ci\u00eancias Humanas da UFPel;<br \/>\n&#8211; Professora Francisca Michelon, Coordenadora do Grupo PET Conserva\u00e7\u00e3o e Restauro e os alunos Juliana Vergara, Fabiane Moraes, Veronica Coffy Bilhalba dos Santos e Micheli Afonso;<br \/>\n&#8211; Jeferson Salaberry e Keli Scolari, os t\u00e9cnicos de apoio do curso de Conserva\u00e7\u00e3o e Restauro.<br \/>\n&#8211; Sr. Mogar Pagana, Xavier Superintendente de Cultura da Secretaria de Cultura de Pelotas<br \/>\n&#8211; Sr. Jose Carlos Bachettini, Vice-Reitor da UCPel;<br \/>\n&#8211; Sr. Cleiton Bierhals Decker, da Assessoria de Comunica\u00e7\u00e3o da UCPel;<br \/>\n&#8211; Sra. Lorete Matos, da Associa\u00e7\u00e3o dos Conservadores e Restauradores do Rio Grande do Sul;<br \/>\n&#8211; Sra. Isabel Nogueira, Diretora do Conservat\u00f3rio de M\u00fasica do UFPel e ao violonista Pedro Di Azz.<br \/>\n&#8211; Sr. Paulo Roberto Fonseca, da empresa de \u00f4nibus Expresso Embaixador;<br \/>\n&#8211; Sr. Junior Bertoldi, da empresa Do\u00e7uras de Pelotas.<\/p>\n<div id=\"attachment_688\" style=\"width: 310px\" class=\"wp-caption aligncenter\"><a href=\"https:\/\/i0.wp.com\/wp.ufpel.edu.br\/crbensmoveis\/files\/2011\/09\/12.jpg?ssl=1\"><img data-recalc-dims=\"1\" aria-describedby=\"caption-attachment-688\" data-attachment-id=\"688\" data-permalink=\"https:\/\/wp.ufpel.edu.br\/crbensmoveis\/2011\/09\/03\/escudo-azul-comite-gaucho\/1-6\/\" data-orig-file=\"https:\/\/i0.wp.com\/wp.ufpel.edu.br\/crbensmoveis\/files\/2011\/09\/12.jpg?fit=766%2C573&amp;ssl=1\" data-orig-size=\"766,573\" data-comments-opened=\"0\" data-image-meta=\"{&quot;aperture&quot;:&quot;0&quot;,&quot;credit&quot;:&quot;&quot;,&quot;camera&quot;:&quot;&quot;,&quot;caption&quot;:&quot;&quot;,&quot;created_timestamp&quot;:&quot;0&quot;,&quot;copyright&quot;:&quot;&quot;,&quot;focal_length&quot;:&quot;0&quot;,&quot;iso&quot;:&quot;0&quot;,&quot;shutter_speed&quot;:&quot;0&quot;,&quot;title&quot;:&quot;&quot;,&quot;orientation&quot;:&quot;0&quot;}\" data-image-title=\"1\" data-image-description=\"\" data-image-caption=\"&lt;p&gt;Numero p\u00fablico prestigiou o evento&lt;\/p&gt;\n\" data-medium-file=\"https:\/\/i0.wp.com\/wp.ufpel.edu.br\/crbensmoveis\/files\/2011\/09\/12.jpg?fit=400%2C300&amp;ssl=1\" data-large-file=\"https:\/\/i0.wp.com\/wp.ufpel.edu.br\/crbensmoveis\/files\/2011\/09\/12.jpg?fit=766%2C220&amp;ssl=1\" class=\"size-medium wp-image-688\" title=\"1\" src=\"https:\/\/i0.wp.com\/wp.ufpel.edu.br\/crbensmoveis\/files\/2011\/09\/12.jpg?resize=300%2C224&#038;ssl=1\" alt=\"\" width=\"300\" height=\"224\" srcset=\"https:\/\/i0.wp.com\/wp.ufpel.edu.br\/crbensmoveis\/files\/2011\/09\/12.jpg?w=766&amp;ssl=1 766w, https:\/\/i0.wp.com\/wp.ufpel.edu.br\/crbensmoveis\/files\/2011\/09\/12.jpg?resize=212%2C159&amp;ssl=1 212w, https:\/\/i0.wp.com\/wp.ufpel.edu.br\/crbensmoveis\/files\/2011\/09\/12.jpg?resize=424%2C318&amp;ssl=1 424w\" sizes=\"(max-width: 300px) 100vw, 300px\" \/><\/a><p id=\"caption-attachment-688\" class=\"wp-caption-text\">Numero p\u00fablico prestigiou o evento<\/p><\/div>\n<div class=\"mceTemp mceIEcenter\">\u00a0<\/div>\n<p>&nbsp;<\/p>\n<div id=\"attachment_691\" style=\"width: 310px\" class=\"wp-caption aligncenter\"><a href=\"https:\/\/i0.wp.com\/wp.ufpel.edu.br\/crbensmoveis\/files\/2011\/09\/43.jpg?ssl=1\"><img data-recalc-dims=\"1\" aria-describedby=\"caption-attachment-691\" class=\"size-medium wp-image-691\" title=\"4\" src=\"https:\/\/i0.wp.com\/wp.ufpel.edu.br\/crbensmoveis\/files\/2011\/09\/43.jpg?resize=300%2C225&#038;ssl=1\" alt=\"\" width=\"300\" height=\"225\" \/><\/a><p id=\"caption-attachment-691\" class=\"wp-caption-text\">Gina Machado<\/p><\/div>\n<div id=\"attachment_692\" style=\"width: 231px\" class=\"wp-caption aligncenter\"><a href=\"https:\/\/i0.wp.com\/wp.ufpel.edu.br\/crbensmoveis\/files\/2011\/09\/53.jpg?ssl=1\"><img data-recalc-dims=\"1\" aria-describedby=\"caption-attachment-692\" class=\"size-medium wp-image-692\" title=\"5\" src=\"https:\/\/i0.wp.com\/wp.ufpel.edu.br\/crbensmoveis\/files\/2011\/09\/53.jpg?resize=221%2C300&#038;ssl=1\" alt=\"\" width=\"221\" height=\"300\" \/><\/a><p id=\"caption-attachment-692\" class=\"wp-caption-text\">Mirable<\/p><\/div>\n<div id=\"attachment_693\" style=\"width: 310px\" class=\"wp-caption aligncenter\"><a href=\"https:\/\/i0.wp.com\/wp.ufpel.edu.br\/crbensmoveis\/files\/2011\/09\/73.jpg?ssl=1\"><img data-recalc-dims=\"1\" aria-describedby=\"caption-attachment-693\" class=\"size-medium wp-image-693\" title=\"7\" src=\"https:\/\/i0.wp.com\/wp.ufpel.edu.br\/crbensmoveis\/files\/2011\/09\/73.jpg?resize=300%2C227&#038;ssl=1\" alt=\"\" width=\"300\" height=\"227\" \/><\/a><p id=\"caption-attachment-693\" class=\"wp-caption-text\">Izabel Nogueira e Pedro Di Azz<\/p><\/div>\n<p><img data-recalc-dims=\"1\" class=\"aligncenter size-medium wp-image-690\" title=\"2\" src=\"https:\/\/i0.wp.com\/wp.ufpel.edu.br\/crbensmoveis\/files\/2011\/09\/24.jpg?resize=300%2C224&#038;ssl=1\" alt=\"\" width=\"300\" height=\"224\" \/><\/p>\n","protected":false},"excerpt":{"rendered":"<p>No dia 04 de agosto foi realizado o I ENCONTRO SOBRE A\u00c7\u00d5ES DE RESGATE DE ACERVOS CULTURAIS: Implanta\u00e7\u00e3o do Comit\u00ea Regional do Escudo Azul. Esse evento, promovido pelo Departamento de Museologia e Conserva\u00e7\u00e3o e Restauro, sob a coordena\u00e7\u00e3o das Professoras Andr\u00e9a Bachettini e Silvana Bojanoski, marcou a implanta\u00e7\u00e3o do Comit\u00ea Ga\u00facho do Escudo Azul. O [&hellip;]<\/p>\n","protected":false},"author":81,"featured_media":0,"comment_status":"open","ping_status":"open","sticky":false,"template":"","format":"standard","meta":{"jetpack_post_was_ever_published":false,"_jetpack_newsletter_access":"","_jetpack_dont_email_post_to_subs":false,"_jetpack_newsletter_tier_id":0,"_jetpack_memberships_contains_paywalled_content":false,"_jetpack_memberships_contains_paid_content":false,"footnotes":"","jetpack_publicize_message":"","jetpack_publicize_feature_enabled":true,"jetpack_social_post_already_shared":false,"jetpack_social_options":{"image_generator_settings":{"template":"highway","default_image_id":0,"font":"","enabled":false},"version":2}},"categories":[1],"tags":[],"class_list":["post-669","post","type-post","status-publish","format-standard","hentry","category-noticias"],"jetpack_publicize_connections":[],"jetpack_featured_media_url":"","jetpack_sharing_enabled":true,"jetpack_shortlink":"https:\/\/wp.me\/p8AfLG-aN","jetpack_likes_enabled":true,"jetpack-related-posts":[],"_links":{"self":[{"href":"https:\/\/wp.ufpel.edu.br\/crbensmoveis\/wp-json\/wp\/v2\/posts\/669","targetHints":{"allow":["GET"]}}],"collection":[{"href":"https:\/\/wp.ufpel.edu.br\/crbensmoveis\/wp-json\/wp\/v2\/posts"}],"about":[{"href":"https:\/\/wp.ufpel.edu.br\/crbensmoveis\/wp-json\/wp\/v2\/types\/post"}],"author":[{"embeddable":true,"href":"https:\/\/wp.ufpel.edu.br\/crbensmoveis\/wp-json\/wp\/v2\/users\/81"}],"replies":[{"embeddable":true,"href":"https:\/\/wp.ufpel.edu.br\/crbensmoveis\/wp-json\/wp\/v2\/comments?post=669"}],"version-history":[{"count":0,"href":"https:\/\/wp.ufpel.edu.br\/crbensmoveis\/wp-json\/wp\/v2\/posts\/669\/revisions"}],"wp:attachment":[{"href":"https:\/\/wp.ufpel.edu.br\/crbensmoveis\/wp-json\/wp\/v2\/media?parent=669"}],"wp:term":[{"taxonomy":"category","embeddable":true,"href":"https:\/\/wp.ufpel.edu.br\/crbensmoveis\/wp-json\/wp\/v2\/categories?post=669"},{"taxonomy":"post_tag","embeddable":true,"href":"https:\/\/wp.ufpel.edu.br\/crbensmoveis\/wp-json\/wp\/v2\/tags?post=669"}],"curies":[{"name":"wp","href":"https:\/\/api.w.org\/{rel}","templated":true}]}}