{"id":3259,"date":"2024-09-05T14:24:54","date_gmt":"2024-09-05T17:24:54","guid":{"rendered":"https:\/\/wp.ufpel.edu.br\/crbensmoveis\/?p=3259"},"modified":"2024-09-05T14:24:54","modified_gmt":"2024-09-05T17:24:54","slug":"curso-de-conservacao-e-restauracao-de-bens-culturais-moveis-realiza-evento-em-brasilia","status":"publish","type":"post","link":"https:\/\/wp.ufpel.edu.br\/crbensmoveis\/2024\/09\/05\/curso-de-conservacao-e-restauracao-de-bens-culturais-moveis-realiza-evento-em-brasilia\/","title":{"rendered":"Curso de Conserva\u00e7\u00e3o e Restaura\u00e7\u00e3o de Bens Culturais M\u00f3veis realiza evento em Bras\u00edlia"},"content":{"rendered":"<blockquote class=\"wp-embedded-content\" data-secret=\"2SpLYLMXHd\"><p><a href=\"https:\/\/ccs2.ufpel.edu.br\/wp\/2024\/09\/05\/seminario-e-exposicao-sobre-a-restauracao-das-obras-vandalizadas-em-8-de-janeiro-e-realizado-em-brasilia\/\">Semin\u00e1rio e Exposi\u00e7\u00e3o sobre a Restaura\u00e7\u00e3o das Obras Vandalizadas em 8 de Janeiro \u00e9 Realizado em Bras\u00edlia<\/a><\/p><\/blockquote>\n<p><iframe class=\"wp-embedded-content\" sandbox=\"allow-scripts\" security=\"restricted\" style=\"position: absolute; visibility: hidden;\" title=\"&#8220;Semin\u00e1rio e Exposi\u00e7\u00e3o sobre a Restaura\u00e7\u00e3o das Obras Vandalizadas em 8 de Janeiro \u00e9 Realizado em Bras\u00edlia&#8221; &#8212; Coordena\u00e7\u00e3o de Comunica\u00e7\u00e3o Social\" src=\"https:\/\/ccs2.ufpel.edu.br\/wp\/2024\/09\/05\/seminario-e-exposicao-sobre-a-restauracao-das-obras-vandalizadas-em-8-de-janeiro-e-realizado-em-brasilia\/embed\/#?secret=1ILI0sA4Cb#?secret=2SpLYLMXHd\" data-secret=\"2SpLYLMXHd\" width=\"500\" height=\"282\" frameborder=\"0\" marginwidth=\"0\" marginheight=\"0\" scrolling=\"no\"><\/iframe><\/p>\n","protected":false},"excerpt":{"rendered":"<p>Semin\u00e1rio e Exposi\u00e7\u00e3o sobre a Restaura\u00e7\u00e3o das Obras Vandalizadas em 8 de Janeiro \u00e9 Realizado em Bras\u00edlia<\/p>\n","protected":false},"author":81,"featured_media":0,"comment_status":"closed","ping_status":"closed","sticky":false,"template":"","format":"standard","meta":{"jetpack_post_was_ever_published":false,"_jetpack_newsletter_access":"","_jetpack_dont_email_post_to_subs":false,"_jetpack_newsletter_tier_id":0,"_jetpack_memberships_contains_paywalled_content":false,"_jetpack_memberships_contains_paid_content":false,"footnotes":"","jetpack_publicize_message":"","jetpack_publicize_feature_enabled":true,"jetpack_social_post_already_shared":true,"jetpack_social_options":{"image_generator_settings":{"template":"highway","default_image_id":0,"font":"","enabled":false},"version":2}},"categories":[1],"tags":[],"class_list":["post-3259","post","type-post","status-publish","format-standard","hentry","category-noticias"],"jetpack_publicize_connections":[],"jetpack_featured_media_url":"","jetpack_sharing_enabled":true,"jetpack_shortlink":"https:\/\/wp.me\/p8AfLG-Qz","jetpack_likes_enabled":true,"jetpack-related-posts":[],"_links":{"self":[{"href":"https:\/\/wp.ufpel.edu.br\/crbensmoveis\/wp-json\/wp\/v2\/posts\/3259","targetHints":{"allow":["GET"]}}],"collection":[{"href":"https:\/\/wp.ufpel.edu.br\/crbensmoveis\/wp-json\/wp\/v2\/posts"}],"about":[{"href":"https:\/\/wp.ufpel.edu.br\/crbensmoveis\/wp-json\/wp\/v2\/types\/post"}],"author":[{"embeddable":true,"href":"https:\/\/wp.ufpel.edu.br\/crbensmoveis\/wp-json\/wp\/v2\/users\/81"}],"replies":[{"embeddable":true,"href":"https:\/\/wp.ufpel.edu.br\/crbensmoveis\/wp-json\/wp\/v2\/comments?post=3259"}],"version-history":[{"count":1,"href":"https:\/\/wp.ufpel.edu.br\/crbensmoveis\/wp-json\/wp\/v2\/posts\/3259\/revisions"}],"predecessor-version":[{"id":3260,"href":"https:\/\/wp.ufpel.edu.br\/crbensmoveis\/wp-json\/wp\/v2\/posts\/3259\/revisions\/3260"}],"wp:attachment":[{"href":"https:\/\/wp.ufpel.edu.br\/crbensmoveis\/wp-json\/wp\/v2\/media?parent=3259"}],"wp:term":[{"taxonomy":"category","embeddable":true,"href":"https:\/\/wp.ufpel.edu.br\/crbensmoveis\/wp-json\/wp\/v2\/categories?post=3259"},{"taxonomy":"post_tag","embeddable":true,"href":"https:\/\/wp.ufpel.edu.br\/crbensmoveis\/wp-json\/wp\/v2\/tags?post=3259"}],"curies":[{"name":"wp","href":"https:\/\/api.w.org\/{rel}","templated":true}]}}