{"id":88,"count":0,"description":"Reingresso, Reop\u00e7\u00e3o, Transfer\u00eancia Volunt\u00e1ria e Portador de Diploma","link":"https:\/\/wp.ufpel.edu.br\/cra\/category\/editais\/editais-processo-seletivo-complementar\/","name":"Processo Seletivo Complementar","slug":"editais-processo-seletivo-complementar","taxonomy":"category","parent":96,"meta":[],"_links":{"self":[{"href":"https:\/\/wp.ufpel.edu.br\/cra\/wp-json\/wp\/v2\/categories\/88","targetHints":{"allow":["GET"]}}],"collection":[{"href":"https:\/\/wp.ufpel.edu.br\/cra\/wp-json\/wp\/v2\/categories"}],"about":[{"href":"https:\/\/wp.ufpel.edu.br\/cra\/wp-json\/wp\/v2\/taxonomies\/category"}],"up":[{"embeddable":true,"href":"https:\/\/wp.ufpel.edu.br\/cra\/wp-json\/wp\/v2\/categories\/96"}],"wp:post_type":[{"href":"https:\/\/wp.ufpel.edu.br\/cra\/wp-json\/wp\/v2\/posts?categories=88"}],"curies":[{"name":"wp","href":"https:\/\/api.w.org\/{rel}","templated":true}]}}