{"id":369,"date":"2020-04-24T17:54:08","date_gmt":"2020-04-24T20:54:08","guid":{"rendered":"https:\/\/wp.ufpel.edu.br\/covid19\/?p=369"},"modified":"2020-04-28T09:32:14","modified_gmt":"2020-04-28T12:32:14","slug":"tem-novidade-no-blog-6","status":"publish","type":"post","link":"https:\/\/wp.ufpel.edu.br\/covid19\/2020\/04\/24\/tem-novidade-no-blog-6\/","title":{"rendered":"Tem novidade no blog"},"content":{"rendered":"<p><img loading=\"lazy\" decoding=\"async\" class=\"alignnone size-medium wp-image-262\" src=\"https:\/\/wp.ufpel.edu.br\/covid19\/files\/2020\/04\/infocomuni_amanda5-283x400.png\" alt=\"\" width=\"283\" height=\"400\" srcset=\"https:\/\/wp.ufpel.edu.br\/covid19\/files\/2020\/04\/infocomuni_amanda5-283x400.png 283w, https:\/\/wp.ufpel.edu.br\/covid19\/files\/2020\/04\/infocomuni_amanda5-724x1024.png 724w, https:\/\/wp.ufpel.edu.br\/covid19\/files\/2020\/04\/infocomuni_amanda5-768x1086.png 768w, https:\/\/wp.ufpel.edu.br\/covid19\/files\/2020\/04\/infocomuni_amanda5-1086x1536.png 1086w, https:\/\/wp.ufpel.edu.br\/covid19\/files\/2020\/04\/infocomuni_amanda5-1448x2048.png 1448w, https:\/\/wp.ufpel.edu.br\/covid19\/files\/2020\/04\/infocomuni_amanda5.png 1587w\" sizes=\"auto, (max-width: 283px) 100vw, 283px\" \/><\/p>\n<p>&nbsp;<\/p>\n<h4><a href=\"https:\/\/wp.ufpel.edu.br\/covid19\/boletim-diario\/\" target=\"_blank\" rel=\"noopener noreferrer\" data-saferedirecturl=\"https:\/\/www.google.com\/url?q=https:\/\/wp.ufpel.edu.br\/covid19\/boletim-diario\/&amp;source=gmail&amp;ust=1587835324690000&amp;usg=AFQjCNE_O8OodRFICqXXD2NdzZvslTvxrQ\">Boletim Di\u00e1rio n\u00ba 26 Comit\u00ea UFPel Covid-19<\/a><\/h4>\n<h4>Acompanhe as proje\u00e7\u00f5es de leitos para Covid-19 em Pelotas. Acesse: <a href=\"https:\/\/dms-p2k.ufpel.edu.br\/corona-leitos\/\">https:\/\/dms-p2k.ufpel.edu.br\/corona-leitos\/<\/a><\/h4>\n<h4><a href=\"https:\/\/wp.ufpel.edu.br\/covid19\/ufpel-na-midia\/\">Confira como a UFPel foi not\u00edcia hoje<\/a><\/h4>\n<ul>\n<li>\n<h4>Divulgue, repasse, assine e receba gratuitamente atualiza\u00e7\u00f5es di\u00e1rias do blog\u00a0<a href=\"https:\/\/wp.ufpel.edu.br\/covid19\/\" target=\"_blank\" rel=\"noopener noreferrer\" data-saferedirecturl=\"https:\/\/www.google.com\/url?q=https:\/\/wp.ufpel.edu.br\/covid19\/&amp;source=gmail&amp;ust=1587835324690000&amp;usg=AFQjCNEQLhxLZQ9eGa_Uf4m4dWoCrDS1pw\">UFPel Covid-19 .<\/a><\/h4>\n<\/li>\n<li>\n<h4>Em tempos de Isolamento Social, ou\u00e7a a\u00a0<a href=\"https:\/\/wp.ufpel.edu.br\/federalfm\/wp-content\/plugins\/widgets-ufpel\/radio\/player.php\" target=\"_blank\" rel=\"noopener noreferrer\" data-saferedirecturl=\"https:\/\/www.google.com\/url?q=https:\/\/wp.ufpel.edu.br\/federalfm\/wp-content\/plugins\/widgets-ufpel\/radio\/player.php&amp;source=gmail&amp;ust=1587835324690000&amp;usg=AFQjCNFMjivrwIeN8YRJhZzmOEJ5HaXeVg\">R\u00e1dio Federal\u00a0<\/a>\u00a0e fique mais perto!<\/h4>\n<\/li>\n<\/ul>\n<h4>Fique bem! Fique em casa! Bom final de semana!<\/h4>\n","protected":false},"excerpt":{"rendered":"<p>&nbsp; Boletim Di\u00e1rio n\u00ba 26 Comit\u00ea UFPel Covid-19 Acompanhe as proje\u00e7\u00f5es de leitos para Covid-19 em Pelotas. Acesse: https:\/\/dms-p2k.ufpel.edu.br\/corona-leitos\/ Confira como a UFPel foi not\u00edcia hoje Divulgue, repasse, assine e receba gratuitamente atualiza\u00e7\u00f5es di\u00e1rias&#46;&#46;&#46;<\/p>\n","protected":false},"author":244,"featured_media":117,"comment_status":"closed","ping_status":"closed","sticky":false,"template":"","format":"standard","meta":{"jetpack_post_was_ever_published":false,"_jetpack_newsletter_access":"","_jetpack_dont_email_post_to_subs":false,"_jetpack_newsletter_tier_id":0,"_jetpack_memberships_contains_paywalled_content":false,"_jetpack_memberships_contains_paid_content":false,"footnotes":""},"categories":[1],"tags":[],"class_list":["post-369","post","type-post","status-publish","format-standard","has-post-thumbnail","hentry","category-noticias"],"jetpack_featured_media_url":"https:\/\/wp.ufpel.edu.br\/covid19\/files\/2020\/03\/48x33-1-scaled.jpg","jetpack_sharing_enabled":true,"_links":{"self":[{"href":"https:\/\/wp.ufpel.edu.br\/covid19\/wp-json\/wp\/v2\/posts\/369","targetHints":{"allow":["GET"]}}],"collection":[{"href":"https:\/\/wp.ufpel.edu.br\/covid19\/wp-json\/wp\/v2\/posts"}],"about":[{"href":"https:\/\/wp.ufpel.edu.br\/covid19\/wp-json\/wp\/v2\/types\/post"}],"author":[{"embeddable":true,"href":"https:\/\/wp.ufpel.edu.br\/covid19\/wp-json\/wp\/v2\/users\/244"}],"replies":[{"embeddable":true,"href":"https:\/\/wp.ufpel.edu.br\/covid19\/wp-json\/wp\/v2\/comments?post=369"}],"version-history":[{"count":3,"href":"https:\/\/wp.ufpel.edu.br\/covid19\/wp-json\/wp\/v2\/posts\/369\/revisions"}],"predecessor-version":[{"id":387,"href":"https:\/\/wp.ufpel.edu.br\/covid19\/wp-json\/wp\/v2\/posts\/369\/revisions\/387"}],"wp:featuredmedia":[{"embeddable":true,"href":"https:\/\/wp.ufpel.edu.br\/covid19\/wp-json\/wp\/v2\/media\/117"}],"wp:attachment":[{"href":"https:\/\/wp.ufpel.edu.br\/covid19\/wp-json\/wp\/v2\/media?parent=369"}],"wp:term":[{"taxonomy":"category","embeddable":true,"href":"https:\/\/wp.ufpel.edu.br\/covid19\/wp-json\/wp\/v2\/categories?post=369"},{"taxonomy":"post_tag","embeddable":true,"href":"https:\/\/wp.ufpel.edu.br\/covid19\/wp-json\/wp\/v2\/tags?post=369"}],"curies":[{"name":"wp","href":"https:\/\/api.w.org\/{rel}","templated":true}]}}