{"id":362,"date":"2020-04-23T18:38:46","date_gmt":"2020-04-23T21:38:46","guid":{"rendered":"https:\/\/wp.ufpel.edu.br\/covid19\/?p=362"},"modified":"2020-04-23T18:38:46","modified_gmt":"2020-04-23T21:38:46","slug":"as-novidades-desta-quinta","status":"publish","type":"post","link":"https:\/\/wp.ufpel.edu.br\/covid19\/2020\/04\/23\/as-novidades-desta-quinta\/","title":{"rendered":"As novidades desta quinta"},"content":{"rendered":"<p><img loading=\"lazy\" decoding=\"async\" class=\"alignnone size-medium wp-image-261\" src=\"https:\/\/wp.ufpel.edu.br\/covid19\/files\/2020\/04\/infocomuni_amanda4-283x400.png\" alt=\"\" width=\"283\" height=\"400\" srcset=\"https:\/\/wp.ufpel.edu.br\/covid19\/files\/2020\/04\/infocomuni_amanda4-283x400.png 283w, https:\/\/wp.ufpel.edu.br\/covid19\/files\/2020\/04\/infocomuni_amanda4-724x1024.png 724w, https:\/\/wp.ufpel.edu.br\/covid19\/files\/2020\/04\/infocomuni_amanda4-768x1086.png 768w, https:\/\/wp.ufpel.edu.br\/covid19\/files\/2020\/04\/infocomuni_amanda4-1086x1536.png 1086w, https:\/\/wp.ufpel.edu.br\/covid19\/files\/2020\/04\/infocomuni_amanda4-1448x2048.png 1448w, https:\/\/wp.ufpel.edu.br\/covid19\/files\/2020\/04\/infocomuni_amanda4.png 1587w\" sizes=\"auto, (max-width: 283px) 100vw, 283px\" \/><\/p>\n<h4><a href=\"https:\/\/wp.ufpel.edu.br\/covid19\/boletim-diario\/\">Boletim Di\u00e1rio Comit\u00ea UFPel n\u00ba 27<\/a><\/h4>\n<h4><a href=\"https:\/\/wp.ufpel.edu.br\/covid19\/material-de-apoio\/\">Leia o artigo: ANG\u00daSTIA P\u00daBLICA: MENSAGEM \u00c0S EQUIPES DE SA\u00daDE<\/a><\/h4>\n<h4><a href=\"https:\/\/wp.ufpel.edu.br\/covid19\/artigos-cientificos\/\">Dispon\u00edveis novos artigos cient\u00edficos sobre a COVID-19 em portugu\u00eas<\/a><\/h4>\n<h4><a href=\"https:\/\/wp.ufpel.edu.br\/covid19\/ufpel-na-midia\/\">Veja como a UFPel foi not\u00edcia no dia de hoje<\/a><\/h4>\n<ul>\n<li>\n<h4>Divulgue, repasse, assine e receba gratuitamente atualiza\u00e7\u00f5es di\u00e1rias do blog\u00a0<a href=\"https:\/\/wp.ufpel.edu.br\/covid19\/\" target=\"_blank\" rel=\"noopener noreferrer\" data-saferedirecturl=\"https:\/\/www.google.com\/url?q=https:\/\/wp.ufpel.edu.br\/covid19\/&amp;source=gmail&amp;ust=1587729162306000&amp;usg=AFQjCNFUixBgySBhWtibzPH3oZ9iEa0Zig\">UFPel Covid-19 .<\/a><\/h4>\n<\/li>\n<li>\n<h4>Em tempos de Isolamento Social, ou\u00e7a a\u00a0<a href=\"https:\/\/wp.ufpel.edu.br\/federalfm\/wp-content\/plugins\/widgets-ufpel\/radio\/player.php\" target=\"_blank\" rel=\"noopener noreferrer\" data-saferedirecturl=\"https:\/\/www.google.com\/url?q=https:\/\/wp.ufpel.edu.br\/federalfm\/wp-content\/plugins\/widgets-ufpel\/radio\/player.php&amp;source=gmail&amp;ust=1587729162306000&amp;usg=AFQjCNEaK33zRm3U2ew6YRlHoPfqSgrsJA\">R\u00e1dio Federal\u00a0<\/a>\u00a0e fique mais perto!<\/h4>\n<\/li>\n<\/ul>\n<h4>Fique bem! Fique em casa!<\/h4>\n<p>&nbsp;<\/p>\n","protected":false},"excerpt":{"rendered":"<p>Boletim Di\u00e1rio Comit\u00ea UFPel n\u00ba 27 Leia o artigo: ANG\u00daSTIA P\u00daBLICA: MENSAGEM \u00c0S EQUIPES DE SA\u00daDE Dispon\u00edveis novos artigos cient\u00edficos sobre a COVID-19 em portugu\u00eas Veja como a UFPel foi not\u00edcia no dia de&#46;&#46;&#46;<\/p>\n","protected":false},"author":244,"featured_media":0,"comment_status":"closed","ping_status":"closed","sticky":false,"template":"","format":"standard","meta":{"jetpack_post_was_ever_published":false,"_jetpack_newsletter_access":"","_jetpack_dont_email_post_to_subs":false,"_jetpack_newsletter_tier_id":0,"_jetpack_memberships_contains_paywalled_content":false,"_jetpack_memberships_contains_paid_content":false,"footnotes":""},"categories":[1],"tags":[],"class_list":["post-362","post","type-post","status-publish","format-standard","hentry","category-noticias"],"jetpack_featured_media_url":"","jetpack_sharing_enabled":true,"_links":{"self":[{"href":"https:\/\/wp.ufpel.edu.br\/covid19\/wp-json\/wp\/v2\/posts\/362","targetHints":{"allow":["GET"]}}],"collection":[{"href":"https:\/\/wp.ufpel.edu.br\/covid19\/wp-json\/wp\/v2\/posts"}],"about":[{"href":"https:\/\/wp.ufpel.edu.br\/covid19\/wp-json\/wp\/v2\/types\/post"}],"author":[{"embeddable":true,"href":"https:\/\/wp.ufpel.edu.br\/covid19\/wp-json\/wp\/v2\/users\/244"}],"replies":[{"embeddable":true,"href":"https:\/\/wp.ufpel.edu.br\/covid19\/wp-json\/wp\/v2\/comments?post=362"}],"version-history":[{"count":2,"href":"https:\/\/wp.ufpel.edu.br\/covid19\/wp-json\/wp\/v2\/posts\/362\/revisions"}],"predecessor-version":[{"id":366,"href":"https:\/\/wp.ufpel.edu.br\/covid19\/wp-json\/wp\/v2\/posts\/362\/revisions\/366"}],"wp:attachment":[{"href":"https:\/\/wp.ufpel.edu.br\/covid19\/wp-json\/wp\/v2\/media?parent=362"}],"wp:term":[{"taxonomy":"category","embeddable":true,"href":"https:\/\/wp.ufpel.edu.br\/covid19\/wp-json\/wp\/v2\/categories?post=362"},{"taxonomy":"post_tag","embeddable":true,"href":"https:\/\/wp.ufpel.edu.br\/covid19\/wp-json\/wp\/v2\/tags?post=362"}],"curies":[{"name":"wp","href":"https:\/\/api.w.org\/{rel}","templated":true}]}}