{"id":1042,"date":"2021-01-05T12:49:03","date_gmt":"2021-01-05T15:49:03","guid":{"rendered":"https:\/\/wp.ufpel.edu.br\/covid19\/?p=1042"},"modified":"2021-01-05T12:53:08","modified_gmt":"2021-01-05T15:53:08","slug":"comite-fara-reunioes-de-11-a-31-1-so-em-caso-de-emergencia","status":"publish","type":"post","link":"https:\/\/wp.ufpel.edu.br\/covid19\/2021\/01\/05\/comite-fara-reunioes-de-11-a-31-1-so-em-caso-de-emergencia\/","title":{"rendered":"Comit\u00ea far\u00e1 reuni\u00f5es, de 11 a 31\/1, s\u00f3 em caso de emerg\u00eancia"},"content":{"rendered":"<p>Devido \u00e0s f\u00e9rias, o Comit\u00ea estar\u00e1 de recesso de 11\/01 at\u00e9 31\/01, quando poder\u00e3o ser realizadas reuni\u00f5es somente em caso de emerg\u00eancia.<\/p>\n<p>Acompanhe o trabalho do Comit\u00ea UFPel Covid-19 em <a href=\"https:\/\/wp.ufpel.edu.br\/covid19\/boletim-diario\/\">https:\/\/wp.ufpel.edu.br\/covid19\/boletim-diario\/<\/a><\/p>\n<p>Divulgue, repasse, assine e receba gratuitamente atualiza\u00e7\u00f5es do blog UFPel Covid-19 .<\/p>\n<p>Em tempos de Isolamento Social, ou\u00e7a a R\u00e1dio Federal (\u00a0<a href=\"https:\/\/wp.ufpel.edu.br\/federalfm\/\">https:\/\/wp.ufpel.edu.br\/federalfm\/<\/a>\u00a0) e fique mais perto! Fique bem! Fique em casa!<\/p>\n","protected":false},"excerpt":{"rendered":"<p>Devido \u00e0s f\u00e9rias, o Comit\u00ea estar\u00e1 de recesso de 11\/01 at\u00e9 31\/01, quando poder\u00e3o ser realizadas reuni\u00f5es somente em caso de emerg\u00eancia. Acompanhe o trabalho do Comit\u00ea UFPel Covid-19 em https:\/\/wp.ufpel.edu.br\/covid19\/boletim-diario\/ Divulgue, repasse, assine&#46;&#46;&#46;<\/p>\n","protected":false},"author":244,"featured_media":95,"comment_status":"closed","ping_status":"closed","sticky":false,"template":"","format":"standard","meta":{"jetpack_post_was_ever_published":false,"_jetpack_newsletter_access":"","_jetpack_dont_email_post_to_subs":false,"_jetpack_newsletter_tier_id":0,"_jetpack_memberships_contains_paywalled_content":false,"_jetpack_memberships_contains_paid_content":false,"footnotes":""},"categories":[1],"tags":[],"class_list":["post-1042","post","type-post","status-publish","format-standard","has-post-thumbnail","hentry","category-noticias"],"jetpack_featured_media_url":"https:\/\/wp.ufpel.edu.br\/covid19\/files\/2020\/03\/POST-FACE-CORONAV\u00cdRUS-01.png","jetpack_sharing_enabled":true,"_links":{"self":[{"href":"https:\/\/wp.ufpel.edu.br\/covid19\/wp-json\/wp\/v2\/posts\/1042","targetHints":{"allow":["GET"]}}],"collection":[{"href":"https:\/\/wp.ufpel.edu.br\/covid19\/wp-json\/wp\/v2\/posts"}],"about":[{"href":"https:\/\/wp.ufpel.edu.br\/covid19\/wp-json\/wp\/v2\/types\/post"}],"author":[{"embeddable":true,"href":"https:\/\/wp.ufpel.edu.br\/covid19\/wp-json\/wp\/v2\/users\/244"}],"replies":[{"embeddable":true,"href":"https:\/\/wp.ufpel.edu.br\/covid19\/wp-json\/wp\/v2\/comments?post=1042"}],"version-history":[{"count":4,"href":"https:\/\/wp.ufpel.edu.br\/covid19\/wp-json\/wp\/v2\/posts\/1042\/revisions"}],"predecessor-version":[{"id":1046,"href":"https:\/\/wp.ufpel.edu.br\/covid19\/wp-json\/wp\/v2\/posts\/1042\/revisions\/1046"}],"wp:featuredmedia":[{"embeddable":true,"href":"https:\/\/wp.ufpel.edu.br\/covid19\/wp-json\/wp\/v2\/media\/95"}],"wp:attachment":[{"href":"https:\/\/wp.ufpel.edu.br\/covid19\/wp-json\/wp\/v2\/media?parent=1042"}],"wp:term":[{"taxonomy":"category","embeddable":true,"href":"https:\/\/wp.ufpel.edu.br\/covid19\/wp-json\/wp\/v2\/categories?post=1042"},{"taxonomy":"post_tag","embeddable":true,"href":"https:\/\/wp.ufpel.edu.br\/covid19\/wp-json\/wp\/v2\/tags?post=1042"}],"curies":[{"name":"wp","href":"https:\/\/api.w.org\/{rel}","templated":true}]}}