{"id":1869,"date":"2026-04-22T13:11:44","date_gmt":"2026-04-22T16:11:44","guid":{"rendered":"https:\/\/wp.ufpel.edu.br\/coremu\/?p=1869"},"modified":"2026-04-22T13:11:44","modified_gmt":"2026-04-22T16:11:44","slug":"periodo-de-ferias-dos-residentes-2026-1","status":"publish","type":"post","link":"https:\/\/wp.ufpel.edu.br\/coremu\/2026\/04\/22\/periodo-de-ferias-dos-residentes-2026-1\/","title":{"rendered":"Per\u00edodo de f\u00e9rias dos Residentes 2026\/1"},"content":{"rendered":"<p>Solicitamos que os per\u00edodos de f\u00e9rias dos Residentes sejam organizados no m\u00eas de agosto, a fim de que n\u00e3o afetem as aulas da disciplina de Epidemiologia e Bioestat\u00edstica, que estar\u00e1 sendo ministrada at\u00e9 o dia 31 de julho.<\/p>\n<p>Casos excepcionais ser\u00e3o analisados, conforme a situa\u00e7\u00e3o exija.<\/p>\n","protected":false},"excerpt":{"rendered":"<p>Solicitamos que os per\u00edodos de f\u00e9rias dos Residentes sejam organizados no m\u00eas de agosto, a fim de que n\u00e3o afetem as aulas da disciplina de Epidemiologia e Bioestat\u00edstica, que estar\u00e1 sendo ministrada at\u00e9 o dia 31 de julho. Casos excepcionais ser\u00e3o analisados, conforme a situa\u00e7\u00e3o exija.<\/p>\n","protected":false},"author":1209,"featured_media":0,"comment_status":"closed","ping_status":"closed","sticky":false,"template":"","format":"standard","meta":{"footnotes":""},"categories":[1],"tags":[],"class_list":["post-1869","post","type-post","status-publish","format-standard","hentry","category-noticias"],"jetpack_featured_media_url":"","_links":{"self":[{"href":"https:\/\/wp.ufpel.edu.br\/coremu\/wp-json\/wp\/v2\/posts\/1869","targetHints":{"allow":["GET"]}}],"collection":[{"href":"https:\/\/wp.ufpel.edu.br\/coremu\/wp-json\/wp\/v2\/posts"}],"about":[{"href":"https:\/\/wp.ufpel.edu.br\/coremu\/wp-json\/wp\/v2\/types\/post"}],"author":[{"embeddable":true,"href":"https:\/\/wp.ufpel.edu.br\/coremu\/wp-json\/wp\/v2\/users\/1209"}],"replies":[{"embeddable":true,"href":"https:\/\/wp.ufpel.edu.br\/coremu\/wp-json\/wp\/v2\/comments?post=1869"}],"version-history":[{"count":1,"href":"https:\/\/wp.ufpel.edu.br\/coremu\/wp-json\/wp\/v2\/posts\/1869\/revisions"}],"predecessor-version":[{"id":1871,"href":"https:\/\/wp.ufpel.edu.br\/coremu\/wp-json\/wp\/v2\/posts\/1869\/revisions\/1871"}],"wp:attachment":[{"href":"https:\/\/wp.ufpel.edu.br\/coremu\/wp-json\/wp\/v2\/media?parent=1869"}],"wp:term":[{"taxonomy":"category","embeddable":true,"href":"https:\/\/wp.ufpel.edu.br\/coremu\/wp-json\/wp\/v2\/categories?post=1869"},{"taxonomy":"post_tag","embeddable":true,"href":"https:\/\/wp.ufpel.edu.br\/coremu\/wp-json\/wp\/v2\/tags?post=1869"}],"curies":[{"name":"wp","href":"https:\/\/api.w.org\/{rel}","templated":true}]}}