{"id":729,"date":"2025-02-14T17:15:27","date_gmt":"2025-02-14T20:15:27","guid":{"rendered":"https:\/\/wp.ufpel.edu.br\/coreme\/?p=729"},"modified":"2025-02-14T17:23:46","modified_gmt":"2025-02-14T20:23:46","slug":"celebracao-aos-concluintes-2025","status":"publish","type":"post","link":"https:\/\/wp.ufpel.edu.br\/coreme\/2025\/02\/14\/celebracao-aos-concluintes-2025\/","title":{"rendered":"FORMATURA RESID\u00caNCIA M\u00c9DICA 2025"},"content":{"rendered":"<p style=\"text-align: justify;\">Na \u00faltima quarta-feira, 12 de fevereiro, celebramos uma emocionante cerim\u00f4nia simb\u00f3lica em homenagem aos residentes da COREME da UFPel que concluir\u00e3o seus Programas de Resid\u00eancia M\u00e9dica (PRMs) em 28 de fevereiro de 2025.<\/p>\n<p style=\"text-align: justify;\">Foi uma ocasi\u00e3o repleta de emo\u00e7\u00e3o, onde reconhecemos o esfor\u00e7o e a dedica\u00e7\u00e3o dos residentes durante sua jornada e celebramos as conquistas ao longo de sua forma\u00e7\u00e3o.<\/p>\n<p style=\"text-align: justify;\">O evento contou com a participa\u00e7\u00e3o da Diretora da Faculdade de Medicina, Profa Dra Julieta Carriconde Fripp; da Superintendente Substituta do Hospital Escola, Gabriela Couto Klein; da Coordenadora da COREME, Profa Dra Cec\u00edlia Fernandes Lorea; Supervisora do PRM em Pediatria Dra L\u00facia Helena Schaun Ribeiro Ferrari, Supervisora do PRM em Medicina de Fam\u00edlia e Comunidade, Prof\u00aa Dra N\u00e1dia Spada Fiori, representante do PRM em Ginecologia e Obstetr\u00edcia Dra Scilla Lazzarotto Correia Lima, representante do PRM em Cl\u00ednica M\u00e9dica Profa Dra Silvia Macedo e Dra Julia Dam\u00e9 Fabi\u00e3o juntamente com demais preceptores, familiares e amigos<\/p>\n<p style=\"text-align: justify;\"><strong>A COREME expressa sua gratid\u00e3o a todos os envolvidos e refor\u00e7a aos residentes o desejo de um futuro brilhante e repleto de sucesso em suas trajet\u00f3rias profissionais!<\/strong><\/p>\n<p>&nbsp;<\/p>\n","protected":false},"excerpt":{"rendered":"<p>Na \u00faltima quarta-feira, 12 de fevereiro, celebramos uma emocionante cerim\u00f4nia simb\u00f3lica em homenagem aos residentes da COREME da UFPel que concluir\u00e3o seus Programas de Resid\u00eancia M\u00e9dica (PRMs) em 28 de fevereiro de 2025. Foi uma ocasi\u00e3o repleta de emo\u00e7\u00e3o, onde reconhecemos o esfor\u00e7o e a dedica\u00e7\u00e3o dos residentes durante sua jornada e celebramos as conquistas [&hellip;]<\/p>\n","protected":false},"author":1322,"featured_media":0,"comment_status":"closed","ping_status":"closed","sticky":false,"template":"","format":"standard","meta":{"footnotes":""},"categories":[1],"tags":[],"class_list":["post-729","post","type-post","status-publish","format-standard","hentry","category-noticias"],"jetpack_featured_media_url":"","_links":{"self":[{"href":"https:\/\/wp.ufpel.edu.br\/coreme\/wp-json\/wp\/v2\/posts\/729","targetHints":{"allow":["GET"]}}],"collection":[{"href":"https:\/\/wp.ufpel.edu.br\/coreme\/wp-json\/wp\/v2\/posts"}],"about":[{"href":"https:\/\/wp.ufpel.edu.br\/coreme\/wp-json\/wp\/v2\/types\/post"}],"author":[{"embeddable":true,"href":"https:\/\/wp.ufpel.edu.br\/coreme\/wp-json\/wp\/v2\/users\/1322"}],"replies":[{"embeddable":true,"href":"https:\/\/wp.ufpel.edu.br\/coreme\/wp-json\/wp\/v2\/comments?post=729"}],"version-history":[{"count":4,"href":"https:\/\/wp.ufpel.edu.br\/coreme\/wp-json\/wp\/v2\/posts\/729\/revisions"}],"predecessor-version":[{"id":735,"href":"https:\/\/wp.ufpel.edu.br\/coreme\/wp-json\/wp\/v2\/posts\/729\/revisions\/735"}],"wp:attachment":[{"href":"https:\/\/wp.ufpel.edu.br\/coreme\/wp-json\/wp\/v2\/media?parent=729"}],"wp:term":[{"taxonomy":"category","embeddable":true,"href":"https:\/\/wp.ufpel.edu.br\/coreme\/wp-json\/wp\/v2\/categories?post=729"},{"taxonomy":"post_tag","embeddable":true,"href":"https:\/\/wp.ufpel.edu.br\/coreme\/wp-json\/wp\/v2\/tags?post=729"}],"curies":[{"name":"wp","href":"https:\/\/api.w.org\/{rel}","templated":true}]}}