{"id":340,"date":"2024-12-19T17:10:31","date_gmt":"2024-12-19T20:10:31","guid":{"rendered":"https:\/\/wp.ufpel.edu.br\/coreme\/?p=340"},"modified":"2024-12-19T17:10:31","modified_gmt":"2024-12-19T20:10:31","slug":"fase-2-edital-n-158-2024","status":"publish","type":"post","link":"https:\/\/wp.ufpel.edu.br\/coreme\/2024\/12\/19\/fase-2-edital-n-158-2024\/","title":{"rendered":"FASE 2 EDITAL N\u00b0 158\/2024"},"content":{"rendered":"<p>Comunicamos que as convoca\u00e7\u00f5es para Fase 2 do Processo Seletivo para os Programas de Resid\u00eancia M\u00e9dica (PRMs) da UFPel, regido pelo Edital n\u00b0 158\/2024, est\u00e3o dispon\u00edveis no site da COREME, atrav\u00e9s da aba &#8220;Processos Seletivos &gt; 2024 &gt; AMRIGS &gt; FASE 2&#8221; ou clicando <a href=\"https:\/\/wp.ufpel.edu.br\/coreme\/fase-2\/\">aqui<\/a>.<\/p>\n","protected":false},"excerpt":{"rendered":"<p>Comunicamos que as convoca\u00e7\u00f5es para Fase 2 do Processo Seletivo para os Programas de Resid\u00eancia M\u00e9dica (PRMs) da UFPel, regido pelo Edital n\u00b0 158\/2024, est\u00e3o dispon\u00edveis no site da COREME, atrav\u00e9s da aba &#8220;Processos Seletivos &gt; 2024 &gt; AMRIGS &gt; FASE 2&#8221; ou clicando aqui.<\/p>\n","protected":false},"author":1322,"featured_media":0,"comment_status":"closed","ping_status":"closed","sticky":false,"template":"","format":"standard","meta":{"footnotes":""},"categories":[1],"tags":[],"class_list":["post-340","post","type-post","status-publish","format-standard","hentry","category-noticias"],"jetpack_featured_media_url":"","_links":{"self":[{"href":"https:\/\/wp.ufpel.edu.br\/coreme\/wp-json\/wp\/v2\/posts\/340","targetHints":{"allow":["GET"]}}],"collection":[{"href":"https:\/\/wp.ufpel.edu.br\/coreme\/wp-json\/wp\/v2\/posts"}],"about":[{"href":"https:\/\/wp.ufpel.edu.br\/coreme\/wp-json\/wp\/v2\/types\/post"}],"author":[{"embeddable":true,"href":"https:\/\/wp.ufpel.edu.br\/coreme\/wp-json\/wp\/v2\/users\/1322"}],"replies":[{"embeddable":true,"href":"https:\/\/wp.ufpel.edu.br\/coreme\/wp-json\/wp\/v2\/comments?post=340"}],"version-history":[{"count":1,"href":"https:\/\/wp.ufpel.edu.br\/coreme\/wp-json\/wp\/v2\/posts\/340\/revisions"}],"predecessor-version":[{"id":342,"href":"https:\/\/wp.ufpel.edu.br\/coreme\/wp-json\/wp\/v2\/posts\/340\/revisions\/342"}],"wp:attachment":[{"href":"https:\/\/wp.ufpel.edu.br\/coreme\/wp-json\/wp\/v2\/media?parent=340"}],"wp:term":[{"taxonomy":"category","embeddable":true,"href":"https:\/\/wp.ufpel.edu.br\/coreme\/wp-json\/wp\/v2\/categories?post=340"},{"taxonomy":"post_tag","embeddable":true,"href":"https:\/\/wp.ufpel.edu.br\/coreme\/wp-json\/wp\/v2\/tags?post=340"}],"curies":[{"name":"wp","href":"https:\/\/api.w.org\/{rel}","templated":true}]}}