{"id":380,"date":"2020-03-17T11:28:17","date_gmt":"2020-03-17T14:28:17","guid":{"rendered":"https:\/\/wp.ufpel.edu.br\/coplan\/?p=380"},"modified":"2020-03-17T11:28:17","modified_gmt":"2020-03-17T14:28:17","slug":"cancelamento-de-todas-as-plenarias-do-orcamento-participativo-ufpel","status":"publish","type":"post","link":"https:\/\/wp.ufpel.edu.br\/coplan\/2020\/03\/17\/cancelamento-de-todas-as-plenarias-do-orcamento-participativo-ufpel\/","title":{"rendered":"Cancelamento de TODAS as plen\u00e1rias do Or\u00e7amento Participativo UFPel"},"content":{"rendered":"<p>Devido \u00e0<span class=\"fontstyle0\">s medidas adotadas pela UFPel para preven\u00e7\u00e3o do cont\u00e1gio do coronav\u00edrus, materializadas nas portarias 584 e 585 de 2020, TODAS as plen\u00e1rias sobre o Or\u00e7amento Participativo da UFPel est\u00e3o CANCELADAS, conforme memorando circular 04 de 2020 do COPLAN.<\/span><\/p>\n<p><span class=\"fontstyle0\"> <a href=\"https:\/\/wp.ufpel.edu.br\/coplan\/files\/2020\/03\/SEI_UFPel-0901841-Memorando-Circular.pdf\">SEI_UFPel &#8211; 0901841 &#8211; Memorando-Circular<\/a><\/span><\/p>\n","protected":false},"excerpt":{"rendered":"<p>Devido \u00e0s medidas adotadas pela UFPel para preven\u00e7\u00e3o do cont\u00e1gio do coronav\u00edrus, materializadas nas portarias 584 e 585 de 2020, TODAS as plen\u00e1rias sobre o Or\u00e7amento Participativo da UFPel est\u00e3o CANCELADAS, conforme memorando circular 04 de 2020 do COPLAN. SEI_UFPel &#8211; 0901841 &#8211; Memorando-Circular<\/p>\n","protected":false},"author":885,"featured_media":0,"comment_status":"closed","ping_status":"closed","sticky":false,"template":"","format":"standard","meta":{"footnotes":""},"categories":[1],"tags":[],"class_list":["post-380","post","type-post","status-publish","format-standard","hentry","category-noticias"],"jetpack_featured_media_url":"","_links":{"self":[{"href":"https:\/\/wp.ufpel.edu.br\/coplan\/wp-json\/wp\/v2\/posts\/380","targetHints":{"allow":["GET"]}}],"collection":[{"href":"https:\/\/wp.ufpel.edu.br\/coplan\/wp-json\/wp\/v2\/posts"}],"about":[{"href":"https:\/\/wp.ufpel.edu.br\/coplan\/wp-json\/wp\/v2\/types\/post"}],"author":[{"embeddable":true,"href":"https:\/\/wp.ufpel.edu.br\/coplan\/wp-json\/wp\/v2\/users\/885"}],"replies":[{"embeddable":true,"href":"https:\/\/wp.ufpel.edu.br\/coplan\/wp-json\/wp\/v2\/comments?post=380"}],"version-history":[{"count":2,"href":"https:\/\/wp.ufpel.edu.br\/coplan\/wp-json\/wp\/v2\/posts\/380\/revisions"}],"predecessor-version":[{"id":384,"href":"https:\/\/wp.ufpel.edu.br\/coplan\/wp-json\/wp\/v2\/posts\/380\/revisions\/384"}],"wp:attachment":[{"href":"https:\/\/wp.ufpel.edu.br\/coplan\/wp-json\/wp\/v2\/media?parent=380"}],"wp:term":[{"taxonomy":"category","embeddable":true,"href":"https:\/\/wp.ufpel.edu.br\/coplan\/wp-json\/wp\/v2\/categories?post=380"},{"taxonomy":"post_tag","embeddable":true,"href":"https:\/\/wp.ufpel.edu.br\/coplan\/wp-json\/wp\/v2\/tags?post=380"}],"curies":[{"name":"wp","href":"https:\/\/api.w.org\/{rel}","templated":true}]}}