{"id":4558,"date":"2026-04-02T16:39:04","date_gmt":"2026-04-02T19:39:04","guid":{"rendered":"https:\/\/wp.ufpel.edu.br\/convenios\/?p=4558"},"modified":"2026-04-02T16:43:50","modified_gmt":"2026-04-02T19:43:50","slug":"%f0%9f%90%9c%e2%9c%a8-feliz-pascoa-com-a-norma","status":"publish","type":"post","link":"https:\/\/wp.ufpel.edu.br\/convenios\/2026\/04\/02\/%f0%9f%90%9c%e2%9c%a8-feliz-pascoa-com-a-norma\/","title":{"rendered":"&#x1f41c;&#x2728; Feliz P\u00e1scoa com a Norma!"},"content":{"rendered":"<p><a href=\"https:\/\/wp.ufpel.edu.br\/convenios\/files\/2026\/04\/Design-sem-nome.jpg\"><img loading=\"lazy\" decoding=\"async\" class=\"alignnone size-full wp-image-4555\" src=\"https:\/\/wp.ufpel.edu.br\/convenios\/files\/2026\/04\/Design-sem-nome.jpg\" alt=\"\" width=\"1877\" height=\"837\" srcset=\"https:\/\/wp.ufpel.edu.br\/convenios\/files\/2026\/04\/Design-sem-nome.jpg 1877w, https:\/\/wp.ufpel.edu.br\/convenios\/files\/2026\/04\/Design-sem-nome-400x178.jpg 400w, https:\/\/wp.ufpel.edu.br\/convenios\/files\/2026\/04\/Design-sem-nome-1024x457.jpg 1024w, https:\/\/wp.ufpel.edu.br\/convenios\/files\/2026\/04\/Design-sem-nome-768x342.jpg 768w, https:\/\/wp.ufpel.edu.br\/convenios\/files\/2026\/04\/Design-sem-nome-1536x685.jpg 1536w\" sizes=\"auto, (max-width: 1877px) 100vw, 1877px\" \/><\/a><\/p>\n<p data-start=\"429\" data-end=\"589\"><span style=\"font-size: 12pt;\">A P\u00e1scoa \u00e9 um momento de renova\u00e7\u00e3o, esperan\u00e7a e recome\u00e7os. \u00c9 tempo de refletir sobre caminhos percorridos, fortalecer parcerias e cultivar valores que nos unem.<\/span><\/p>\n<p data-start=\"591\" data-end=\"829\"><span style=\"font-size: 12pt;\">A <strong>Norma<\/strong>, mascote da <strong>Coordena\u00e7\u00e3o de Conv\u00eanios e Contratos (CCONC)<\/strong>, aproveita esta data especial para desejar a toda a comunidade universit\u00e1ria e parceiros institucionais uma P\u00e1scoa repleta de paz, uni\u00e3o e novos ciclos cheios de conquistas.<\/span><\/p>\n<p data-start=\"831\" data-end=\"1004\"><span style=\"font-size: 12pt;\">Assim como o trabalho colaborativo fortalece nossos projetos e conv\u00eanios, que este per\u00edodo inspire coopera\u00e7\u00e3o, solidariedade e constru\u00e7\u00e3o conjunta de um futuro ainda melhor.<\/span><\/p>\n<p data-start=\"1006\" data-end=\"1026\"><span style=\"font-size: 12pt;\">&#x1f337; <strong data-start=\"1009\" data-end=\"1026\">Feliz P\u00e1scoa!<\/strong><\/span><\/p>\n<p data-start=\"1028\" data-end=\"1106\"><span style=\"font-size: 12pt;\">Coordena\u00e7\u00e3o de Conv\u00eanios e Contratos \u2013 CCONC<\/span><br data-start=\"1072\" data-end=\"1075\" \/><span style=\"font-size: 12pt;\">Universidade Federal de Pelotas<\/span><\/p>\n","protected":false},"excerpt":{"rendered":"<p>A P\u00e1scoa \u00e9 um momento de renova\u00e7\u00e3o, esperan\u00e7a e recome\u00e7os. \u00c9 tempo de refletir sobre caminhos percorridos, fortalecer parcerias e cultivar valores que nos unem. A Norma, mascote da Coordena\u00e7\u00e3o de Conv\u00eanios e Contratos (CCONC), aproveita esta data especial para desejar a toda a comunidade universit\u00e1ria e parceiros institucionais uma P\u00e1scoa repleta de paz, uni\u00e3o [&hellip;]<\/p>\n","protected":false},"author":122,"featured_media":0,"comment_status":"closed","ping_status":"closed","sticky":false,"template":"","format":"standard","meta":{"_jetpack_memberships_contains_paid_content":false,"footnotes":""},"categories":[18],"tags":[],"class_list":["post-4558","post","type-post","status-publish","format-standard","hentry","category-noticias"],"jetpack_featured_media_url":"","jetpack_sharing_enabled":true,"jetpack_likes_enabled":true,"_links":{"self":[{"href":"https:\/\/wp.ufpel.edu.br\/convenios\/wp-json\/wp\/v2\/posts\/4558","targetHints":{"allow":["GET"]}}],"collection":[{"href":"https:\/\/wp.ufpel.edu.br\/convenios\/wp-json\/wp\/v2\/posts"}],"about":[{"href":"https:\/\/wp.ufpel.edu.br\/convenios\/wp-json\/wp\/v2\/types\/post"}],"author":[{"embeddable":true,"href":"https:\/\/wp.ufpel.edu.br\/convenios\/wp-json\/wp\/v2\/users\/122"}],"replies":[{"embeddable":true,"href":"https:\/\/wp.ufpel.edu.br\/convenios\/wp-json\/wp\/v2\/comments?post=4558"}],"version-history":[{"count":2,"href":"https:\/\/wp.ufpel.edu.br\/convenios\/wp-json\/wp\/v2\/posts\/4558\/revisions"}],"predecessor-version":[{"id":4565,"href":"https:\/\/wp.ufpel.edu.br\/convenios\/wp-json\/wp\/v2\/posts\/4558\/revisions\/4565"}],"wp:attachment":[{"href":"https:\/\/wp.ufpel.edu.br\/convenios\/wp-json\/wp\/v2\/media?parent=4558"}],"wp:term":[{"taxonomy":"category","embeddable":true,"href":"https:\/\/wp.ufpel.edu.br\/convenios\/wp-json\/wp\/v2\/categories?post=4558"},{"taxonomy":"post_tag","embeddable":true,"href":"https:\/\/wp.ufpel.edu.br\/convenios\/wp-json\/wp\/v2\/tags?post=4558"}],"curies":[{"name":"wp","href":"https:\/\/api.w.org\/{rel}","templated":true}]}}