{"id":1127,"date":"2017-09-01T20:09:41","date_gmt":"2017-09-01T23:09:41","guid":{"rendered":"https:\/\/wp.ufpel.edu.br\/convenios\/?p=1127"},"modified":"2018-08-22T18:21:29","modified_gmt":"2018-08-22T21:21:29","slug":"1127","status":"publish","type":"post","link":"https:\/\/wp.ufpel.edu.br\/convenios\/2017\/09\/01\/1127\/","title":{"rendered":"A COORDENA\u00c7\u00c3O DE CONV\u00caNIOS E CONTRATOS REALIZAR\u00c1 EXPEDIENTE INTERNO NOS DIAS 04, 05 E 06 DE SETEMBRO"},"content":{"rendered":"<p>Comunicamos que a CCONC realizar\u00e1 expediente interno na segunda, ter\u00e7a e quarta-feira pr\u00f3ximas (de 04 a 06\/08\/2017), para atender a demandas de auditoria externa (Plano de a\u00e7\u00f5es da Controladoria Geral da Uni\u00e3o).<\/p>\n<p>As demandas urgentes de entidades convenentes, como as das Funda\u00e7\u00f5es de Apoio, ou as que possuem prazo limitado a esse per\u00edodo, devem ser encaminhadas preferencialmente para o e-mail solicitacaoconvenios@ufpel.edu.br para serem atendidas. As demandas do Gabinete do Reitor ser\u00e3o atendidas normalmente.<\/p>\n<p>Agradecemos a compreens\u00e3o!<\/p>\n","protected":false},"excerpt":{"rendered":"<p>Comunicamos que a CCONC realizar\u00e1 expediente interno na segunda, ter\u00e7a e quarta-feira pr\u00f3ximas (de 04 a 06\/08\/2017), para atender a demandas de auditoria externa (Plano de a\u00e7\u00f5es da Controladoria Geral da Uni\u00e3o). As demandas urgentes de entidades convenentes, como as das Funda\u00e7\u00f5es de Apoio, ou as que possuem prazo limitado a esse per\u00edodo, devem ser [&hellip;]<\/p>\n","protected":false},"author":122,"featured_media":0,"comment_status":"closed","ping_status":"closed","sticky":false,"template":"","format":"standard","meta":{"_jetpack_memberships_contains_paid_content":false,"footnotes":""},"categories":[22313],"tags":[22321,22322],"class_list":["post-1127","post","type-post","status-publish","format-standard","hentry","category-informes","tag-cgu","tag-expediente-interno"],"jetpack_featured_media_url":"","jetpack_sharing_enabled":true,"jetpack_likes_enabled":true,"_links":{"self":[{"href":"https:\/\/wp.ufpel.edu.br\/convenios\/wp-json\/wp\/v2\/posts\/1127","targetHints":{"allow":["GET"]}}],"collection":[{"href":"https:\/\/wp.ufpel.edu.br\/convenios\/wp-json\/wp\/v2\/posts"}],"about":[{"href":"https:\/\/wp.ufpel.edu.br\/convenios\/wp-json\/wp\/v2\/types\/post"}],"author":[{"embeddable":true,"href":"https:\/\/wp.ufpel.edu.br\/convenios\/wp-json\/wp\/v2\/users\/122"}],"replies":[{"embeddable":true,"href":"https:\/\/wp.ufpel.edu.br\/convenios\/wp-json\/wp\/v2\/comments?post=1127"}],"version-history":[{"count":2,"href":"https:\/\/wp.ufpel.edu.br\/convenios\/wp-json\/wp\/v2\/posts\/1127\/revisions"}],"predecessor-version":[{"id":1130,"href":"https:\/\/wp.ufpel.edu.br\/convenios\/wp-json\/wp\/v2\/posts\/1127\/revisions\/1130"}],"wp:attachment":[{"href":"https:\/\/wp.ufpel.edu.br\/convenios\/wp-json\/wp\/v2\/media?parent=1127"}],"wp:term":[{"taxonomy":"category","embeddable":true,"href":"https:\/\/wp.ufpel.edu.br\/convenios\/wp-json\/wp\/v2\/categories?post=1127"},{"taxonomy":"post_tag","embeddable":true,"href":"https:\/\/wp.ufpel.edu.br\/convenios\/wp-json\/wp\/v2\/tags?post=1127"}],"curies":[{"name":"wp","href":"https:\/\/api.w.org\/{rel}","templated":true}]}}