{"id":78,"date":"2014-06-13T11:57:23","date_gmt":"2014-06-13T14:57:23","guid":{"rendered":"https:\/\/wp.ufpel.edu.br\/constituinte\/?p=78"},"modified":"2014-06-25T11:57:56","modified_gmt":"2014-06-25T14:57:56","slug":"participacao-em-debates-da-constituinte-abonara-faltas-de-estudantes","status":"publish","type":"post","link":"https:\/\/wp.ufpel.edu.br\/constituinte\/2014\/06\/13\/participacao-em-debates-da-constituinte-abonara-faltas-de-estudantes\/","title":{"rendered":"Participa\u00e7\u00e3o em debates da Constituinte abonar\u00e1 faltas de estudantes"},"content":{"rendered":"<h1 style=\"color: #00ccff\"><\/h1>\n<p style=\"color: #666666\"><a style=\"font-weight: inherit;font-style: inherit;color: #666666\" href=\"http:\/\/ccs2.ufpel.edu.br\/wp\/wp-content\/uploads\/2014\/06\/constituinte.jpg\"><img class=\"alignleft size-medium wp-image-36083\" style=\"font-weight: inherit;font-style: inherit\" src=\"http:\/\/ccs2.ufpel.edu.br\/wp\/wp-content\/uploads\/2014\/06\/constituinte-150x150.jpg\" alt=\"constituinte\" width=\"150\" height=\"150\" \/><\/a>O Conselho Coordenador de Ensino, Pesquisa e Extens\u00e3o da UFPel (COCEPE) decidiu, em sua reuni\u00e3o ordin\u00e1ria da \u00faltima quinta-feira (12), determinar o abono de faltas dos estudantes nas aulas cujos hor\u00e1rios coincidam com os semin\u00e1rios e ciclos de debates da Constituinte Universit\u00e1ria mediante comprova\u00e7\u00e3o da participa\u00e7\u00e3o.<\/p>\n","protected":false},"excerpt":{"rendered":"<p>O Conselho Coordenador de Ensino, Pesquisa e Extens\u00e3o da UFPel (COCEPE) decidiu, em sua reuni\u00e3o ordin\u00e1ria da \u00faltima quinta-feira (12), determinar o abono de faltas dos estudantes nas aulas cujos hor\u00e1rios coincidam com os semin\u00e1rios e ciclos de debates da Constituinte Universit\u00e1ria mediante comprova\u00e7\u00e3o da participa\u00e7\u00e3o.<\/p>\n","protected":false},"author":413,"featured_media":0,"comment_status":"closed","ping_status":"closed","sticky":false,"template":"","format":"standard","meta":{"footnotes":""},"categories":[18],"tags":[],"class_list":["post-78","post","type-post","status-publish","format-standard","hentry","category-sem-categoria"],"jetpack_featured_media_url":"","_links":{"self":[{"href":"https:\/\/wp.ufpel.edu.br\/constituinte\/wp-json\/wp\/v2\/posts\/78","targetHints":{"allow":["GET"]}}],"collection":[{"href":"https:\/\/wp.ufpel.edu.br\/constituinte\/wp-json\/wp\/v2\/posts"}],"about":[{"href":"https:\/\/wp.ufpel.edu.br\/constituinte\/wp-json\/wp\/v2\/types\/post"}],"author":[{"embeddable":true,"href":"https:\/\/wp.ufpel.edu.br\/constituinte\/wp-json\/wp\/v2\/users\/413"}],"replies":[{"embeddable":true,"href":"https:\/\/wp.ufpel.edu.br\/constituinte\/wp-json\/wp\/v2\/comments?post=78"}],"version-history":[{"count":1,"href":"https:\/\/wp.ufpel.edu.br\/constituinte\/wp-json\/wp\/v2\/posts\/78\/revisions"}],"predecessor-version":[{"id":79,"href":"https:\/\/wp.ufpel.edu.br\/constituinte\/wp-json\/wp\/v2\/posts\/78\/revisions\/79"}],"wp:attachment":[{"href":"https:\/\/wp.ufpel.edu.br\/constituinte\/wp-json\/wp\/v2\/media?parent=78"}],"wp:term":[{"taxonomy":"category","embeddable":true,"href":"https:\/\/wp.ufpel.edu.br\/constituinte\/wp-json\/wp\/v2\/categories?post=78"},{"taxonomy":"post_tag","embeddable":true,"href":"https:\/\/wp.ufpel.edu.br\/constituinte\/wp-json\/wp\/v2\/tags?post=78"}],"curies":[{"name":"wp","href":"https:\/\/api.w.org\/{rel}","templated":true}]}}