{"id":68,"date":"2014-05-07T11:52:34","date_gmt":"2014-05-07T14:52:34","guid":{"rendered":"https:\/\/wp.ufpel.edu.br\/constituinte\/?p=68"},"modified":"2014-06-25T11:53:27","modified_gmt":"2014-06-25T14:53:27","slug":"conselho-universitario-discute-a-constituinte","status":"publish","type":"post","link":"https:\/\/wp.ufpel.edu.br\/constituinte\/2014\/05\/07\/conselho-universitario-discute-a-constituinte\/","title":{"rendered":"Conselho Universit\u00e1rio discute a Constituinte"},"content":{"rendered":"<h1 style=\"color: #00ccff\"><\/h1>\n<p style=\"color: #666666\">A Constituinte Universit\u00e1ria ser\u00e1 o ponto de pauta principal da reuni\u00e3o ordin\u00e1ria do Conselho Universit\u00e1rio da UFPel nesta sexta-feira (9), a partir das 14h, no Lyceu. Antes de iniciarem os debates sobre o tema, haver\u00e1 informes.<\/p>\n","protected":false},"excerpt":{"rendered":"<p>A Constituinte Universit\u00e1ria ser\u00e1 o ponto de pauta principal da reuni\u00e3o ordin\u00e1ria do Conselho Universit\u00e1rio da UFPel nesta sexta-feira (9), a partir das 14h, no Lyceu. Antes de iniciarem os debates sobre o tema, haver\u00e1 informes.<\/p>\n","protected":false},"author":413,"featured_media":0,"comment_status":"closed","ping_status":"closed","sticky":false,"template":"","format":"standard","meta":{"footnotes":""},"categories":[18],"tags":[],"class_list":["post-68","post","type-post","status-publish","format-standard","hentry","category-sem-categoria"],"jetpack_featured_media_url":"","_links":{"self":[{"href":"https:\/\/wp.ufpel.edu.br\/constituinte\/wp-json\/wp\/v2\/posts\/68","targetHints":{"allow":["GET"]}}],"collection":[{"href":"https:\/\/wp.ufpel.edu.br\/constituinte\/wp-json\/wp\/v2\/posts"}],"about":[{"href":"https:\/\/wp.ufpel.edu.br\/constituinte\/wp-json\/wp\/v2\/types\/post"}],"author":[{"embeddable":true,"href":"https:\/\/wp.ufpel.edu.br\/constituinte\/wp-json\/wp\/v2\/users\/413"}],"replies":[{"embeddable":true,"href":"https:\/\/wp.ufpel.edu.br\/constituinte\/wp-json\/wp\/v2\/comments?post=68"}],"version-history":[{"count":1,"href":"https:\/\/wp.ufpel.edu.br\/constituinte\/wp-json\/wp\/v2\/posts\/68\/revisions"}],"predecessor-version":[{"id":69,"href":"https:\/\/wp.ufpel.edu.br\/constituinte\/wp-json\/wp\/v2\/posts\/68\/revisions\/69"}],"wp:attachment":[{"href":"https:\/\/wp.ufpel.edu.br\/constituinte\/wp-json\/wp\/v2\/media?parent=68"}],"wp:term":[{"taxonomy":"category","embeddable":true,"href":"https:\/\/wp.ufpel.edu.br\/constituinte\/wp-json\/wp\/v2\/categories?post=68"},{"taxonomy":"post_tag","embeddable":true,"href":"https:\/\/wp.ufpel.edu.br\/constituinte\/wp-json\/wp\/v2\/tags?post=68"}],"curies":[{"name":"wp","href":"https:\/\/api.w.org\/{rel}","templated":true}]}}