{"id":403,"date":"2016-04-04T12:07:43","date_gmt":"2016-04-04T15:07:43","guid":{"rendered":"https:\/\/wp.ufpel.edu.br\/constituinte\/?p=403"},"modified":"2016-04-04T12:07:43","modified_gmt":"2016-04-04T15:07:43","slug":"constituinte-retoma-trabalhos-nesta-terca-5","status":"publish","type":"post","link":"https:\/\/wp.ufpel.edu.br\/constituinte\/2016\/04\/04\/constituinte-retoma-trabalhos-nesta-terca-5\/","title":{"rendered":"Constituinte retoma trabalhos nesta ter\u00e7a (5)"},"content":{"rendered":"<p>A Comiss\u00e3o de Sistematiza\u00e7\u00e3o da Constituinte Universit\u00e1ria da UFPel retoma, nesta semana, os seus trabalhos. A pr\u00f3xima reuni\u00e3o do grupo ocorrer\u00e1 nesta ter\u00e7a-feira (5), das 19h \u00e0s 22h, na Sala dos Conselhos Superiores, localizada na pra\u00e7a Sete de Julho, 180.<\/p>\n<p>Na pauta deste encontro est\u00e3o informes e reestrutura\u00e7\u00e3o do calend\u00e1rio de atividades, al\u00e9m de palestra com o professor Carlos Adriano Ferraz, que tratar\u00e1 de discuss\u00e3o de princ\u00edpios.<\/p>\n","protected":false},"excerpt":{"rendered":"<p>A Comiss\u00e3o de Sistematiza\u00e7\u00e3o da Constituinte Universit\u00e1ria da UFPel retoma, nesta semana, os seus trabalhos. A pr\u00f3xima reuni\u00e3o do grupo ocorrer\u00e1 nesta ter\u00e7a-feira (5), das 19h \u00e0s 22h, na Sala dos Conselhos Superiores, localizada na pra\u00e7a Sete de Julho, 180. Na pauta deste encontro est\u00e3o informes e reestrutura\u00e7\u00e3o do calend\u00e1rio de atividades, al\u00e9m de palestra [&hellip;]<\/p>\n","protected":false},"author":413,"featured_media":0,"comment_status":"closed","ping_status":"closed","sticky":false,"template":"","format":"standard","meta":{"footnotes":""},"categories":[18],"tags":[],"class_list":["post-403","post","type-post","status-publish","format-standard","hentry","category-sem-categoria"],"jetpack_featured_media_url":"","_links":{"self":[{"href":"https:\/\/wp.ufpel.edu.br\/constituinte\/wp-json\/wp\/v2\/posts\/403","targetHints":{"allow":["GET"]}}],"collection":[{"href":"https:\/\/wp.ufpel.edu.br\/constituinte\/wp-json\/wp\/v2\/posts"}],"about":[{"href":"https:\/\/wp.ufpel.edu.br\/constituinte\/wp-json\/wp\/v2\/types\/post"}],"author":[{"embeddable":true,"href":"https:\/\/wp.ufpel.edu.br\/constituinte\/wp-json\/wp\/v2\/users\/413"}],"replies":[{"embeddable":true,"href":"https:\/\/wp.ufpel.edu.br\/constituinte\/wp-json\/wp\/v2\/comments?post=403"}],"version-history":[{"count":1,"href":"https:\/\/wp.ufpel.edu.br\/constituinte\/wp-json\/wp\/v2\/posts\/403\/revisions"}],"predecessor-version":[{"id":405,"href":"https:\/\/wp.ufpel.edu.br\/constituinte\/wp-json\/wp\/v2\/posts\/403\/revisions\/405"}],"wp:attachment":[{"href":"https:\/\/wp.ufpel.edu.br\/constituinte\/wp-json\/wp\/v2\/media?parent=403"}],"wp:term":[{"taxonomy":"category","embeddable":true,"href":"https:\/\/wp.ufpel.edu.br\/constituinte\/wp-json\/wp\/v2\/categories?post=403"},{"taxonomy":"post_tag","embeddable":true,"href":"https:\/\/wp.ufpel.edu.br\/constituinte\/wp-json\/wp\/v2\/tags?post=403"}],"curies":[{"name":"wp","href":"https:\/\/api.w.org\/{rel}","templated":true}]}}