{"id":375,"date":"2015-10-26T17:30:33","date_gmt":"2015-10-26T19:30:33","guid":{"rendered":"https:\/\/wp.ufpel.edu.br\/constituinte\/?p=375"},"modified":"2015-10-26T17:31:29","modified_gmt":"2015-10-26T19:31:29","slug":"eleitor-pode-votar-em-ate-3-chapas-no-pleito-de-stas-da-constituinte","status":"publish","type":"post","link":"https:\/\/wp.ufpel.edu.br\/constituinte\/2015\/10\/26\/eleitor-pode-votar-em-ate-3-chapas-no-pleito-de-stas-da-constituinte\/","title":{"rendered":"Eleitor pode votar em at\u00e9 3 chapas no pleito de STAs da Constituinte"},"content":{"rendered":"<p>Est\u00e1 sendo publicado um edital retificador ao que foi lan\u00e7ado sobre as elei\u00e7\u00f5es para representa\u00e7\u00e3o dos servidores t\u00e9cnico-administrativos para a Comiss\u00e3o de Sistematiza\u00e7\u00e3o da Constituinte Universit\u00e1ria. A corre\u00e7\u00e3o est\u00e1 no item seis, que dizia que o eleitor deveria marcar, na c\u00e9dula de vota\u00e7\u00e3o, apenas um candidato e seu respectivo suplente.<\/p>\n<p>J\u00e1 que s\u00e3o tr\u00eas vagas lan\u00e7adas, cada eleitor poder\u00e1 votar em at\u00e9 tr\u00eas chapas (sendo cada chapa formada por um titular e um suplente), nos moldes da primeira elei\u00e7\u00e3o. Confira o edital de retifica\u00e7\u00e3o em\u00a0\u00a0\u00a0<a href=\"http:\/\/ccs2.ufpel.edu.br\/wp\/wp-content\/uploads\/2015\/10\/Retificacao-ao-edital-para-tecnicos-administrativos-Novo.doc\">Retifica\u00e7\u00e3o ao edital para t\u00e9cnicos administrativos Novo<\/a> .<\/p>\n<p>A Comiss\u00e3o de Acompanhamento realiza a elei\u00e7\u00e3o no dia 9 de novembro, para recompor a Comiss\u00e3o de Sistematiza\u00e7\u00e3o da Constituinte.<\/p>\n<p>Todos os servidores t\u00e9cnico-administrativos da Universidade em atividade \u2013 mesmo que estejam em licen\u00e7a sa\u00fade ou afastados para qualifica\u00e7\u00e3o \u2013 podem participar da elei\u00e7\u00e3o de tr\u00eas representantes titulares e seus respectivos suplentes.<\/p>\n<p>A inscri\u00e7\u00e3o de candidaturas ao pleito ser\u00e1 realizada at\u00e9 esta quarta-feira, 28 de outubro, na Secretaria dos Conselhos, das 8h \u00e0s 17h30min.<\/p>\n<p>A vota\u00e7\u00e3o ocorrer\u00e1 das 6h \u00e0s 20h. As urnas estar\u00e3o na Faculdade de Agronomia Eliseu Maciel (FAEM), na Secretaria dos Conselhos, no Campus Porto (Anglo) e no Hospital Escola (HE). O hor\u00e1rio de funcionamento de cada uma das urnas ser\u00e1 definido pela Junta Eleitoral.<\/p>\n<p>A elei\u00e7\u00e3o ser\u00e1 direta, com voto secreto. O eleitor deve se identificar atrav\u00e9s de documento oficial com foto.<\/p>\n<p>Os resultados ser\u00e3o divulgados pela Comiss\u00e3o de Acompanhamento at\u00e9 o dia 10 de novembro.<\/p>\n<p>Veja mais detalhes do processo no documento de convoca\u00e7\u00e3o, que est\u00e1 dispon\u00edvel abaixo (j\u00e1 retificado).<\/p>\n<p><a href=\"http:\/\/ccs2.ufpel.edu.br\/wp\/wp-content\/uploads\/2015\/10\/CONVOCACAO-ELEICAO-CA-TAs-2015-1.doc\">CONVOCACAO-ELEICAO-CA-TAs-2015-1<\/a><\/p>\n","protected":false},"excerpt":{"rendered":"<p>Est\u00e1 sendo publicado um edital retificador ao que foi lan\u00e7ado sobre as elei\u00e7\u00f5es para representa\u00e7\u00e3o dos servidores t\u00e9cnico-administrativos para a Comiss\u00e3o de Sistematiza\u00e7\u00e3o da Constituinte Universit\u00e1ria. A corre\u00e7\u00e3o est\u00e1 no item seis, que dizia que o eleitor deveria marcar, na c\u00e9dula de vota\u00e7\u00e3o, apenas um candidato e seu respectivo suplente. J\u00e1 que s\u00e3o tr\u00eas vagas [&hellip;]<\/p>\n","protected":false},"author":413,"featured_media":0,"comment_status":"closed","ping_status":"closed","sticky":false,"template":"","format":"standard","meta":{"footnotes":""},"categories":[18],"tags":[],"class_list":["post-375","post","type-post","status-publish","format-standard","hentry","category-sem-categoria"],"jetpack_featured_media_url":"","_links":{"self":[{"href":"https:\/\/wp.ufpel.edu.br\/constituinte\/wp-json\/wp\/v2\/posts\/375","targetHints":{"allow":["GET"]}}],"collection":[{"href":"https:\/\/wp.ufpel.edu.br\/constituinte\/wp-json\/wp\/v2\/posts"}],"about":[{"href":"https:\/\/wp.ufpel.edu.br\/constituinte\/wp-json\/wp\/v2\/types\/post"}],"author":[{"embeddable":true,"href":"https:\/\/wp.ufpel.edu.br\/constituinte\/wp-json\/wp\/v2\/users\/413"}],"replies":[{"embeddable":true,"href":"https:\/\/wp.ufpel.edu.br\/constituinte\/wp-json\/wp\/v2\/comments?post=375"}],"version-history":[{"count":2,"href":"https:\/\/wp.ufpel.edu.br\/constituinte\/wp-json\/wp\/v2\/posts\/375\/revisions"}],"predecessor-version":[{"id":377,"href":"https:\/\/wp.ufpel.edu.br\/constituinte\/wp-json\/wp\/v2\/posts\/375\/revisions\/377"}],"wp:attachment":[{"href":"https:\/\/wp.ufpel.edu.br\/constituinte\/wp-json\/wp\/v2\/media?parent=375"}],"wp:term":[{"taxonomy":"category","embeddable":true,"href":"https:\/\/wp.ufpel.edu.br\/constituinte\/wp-json\/wp\/v2\/categories?post=375"},{"taxonomy":"post_tag","embeddable":true,"href":"https:\/\/wp.ufpel.edu.br\/constituinte\/wp-json\/wp\/v2\/tags?post=375"}],"curies":[{"name":"wp","href":"https:\/\/api.w.org\/{rel}","templated":true}]}}